{"id":22677,"date":"2025-12-30T11:36:22","date_gmt":"2025-12-30T14:36:22","guid":{"rendered":"https:\/\/dgospel.com.br\/portal\/?p=22677"},"modified":"2025-12-30T11:36:22","modified_gmt":"2025-12-30T14:36:22","slug":"correios-vao-estimular-demissao-voluntaria-de-15-mil-funcionarios","status":"publish","type":"post","link":"https:\/\/dgospel.com.br\/portal\/index.php\/2025\/12\/30\/correios-vao-estimular-demissao-voluntaria-de-15-mil-funcionarios\/","title":{"rendered":"Correios v\u00e3o estimular demiss\u00e3o volunt\u00e1ria de 15 mil funcion\u00e1rios"},"content":{"rendered":"\n<p>O presidente dos Correios, Emmanoel Rondon, disse que o Programa de Demiss\u00e3o Volunt\u00e1ria (PDV) como parte do processo de reestrutura\u00e7\u00e3o da companhia deve gerar economia anual de R$ 2,1 bilh\u00f5es, com impacto pleno a partir de 2028. O programa ser\u00e1 aberto em janeiro de 2026 com potencial de ades\u00e3o de at\u00e9 15 mil empregados entre 2026 e 2027.<\/p>\n\n\n\n<p>As declara\u00e7\u00f5es foram feitas em coletiva de imprensa realizada nesta segunda-feira (29), para detalhar o plano de reestrutura\u00e7\u00e3o da estatal, que acumula preju\u00edzos bilion\u00e1rios.<\/p>\n\n\n\n<p>Segundo Rondon, o PDV exige \u201calgum grau\u201d de investimento para ter uma redu\u00e7\u00e3o de 18% nos gastos com folha de pagamento. Ele disse que ser\u00e3o gastos R$ 1,1 bilh\u00e3o com o programa para obter uma economia de R$ 1,4 bilh\u00f5es anuais.<\/p>\n\n\n\n<p>\u2013 A primeira vantagem do PDV \u00e9 que ele \u00e9 volunt\u00e1rio e a gente n\u00e3o esteriliza a for\u00e7a de trabalho da empresa, n\u00e3o aumenta a judicializa\u00e7\u00e3o, h\u00e1 um acordo que nasce e se resolve por si. Outra coisa \u00e9 que a gente consegue programar o PDV dentro da din\u00e2mica de necessidade da empresa \u2013 afirmou Rondon.<\/p>\n\n\n\n<p>Segundo Rondon, as iniciativas de redu\u00e7\u00e3o de despesas devem somar R$ 5 bilh\u00f5es at\u00e9 2028. Ele tamb\u00e9m destacou a aliena\u00e7\u00e3o de im\u00f3veis sem uso operacional, com expectativa de gerar R$ 1,5 bilh\u00e3o em receitas extraordin\u00e1rias.<\/p>\n\n\n\n<p>O presidente da estatal disse que o ritmo de resultado at\u00e9 setembro, de preju\u00edzo de R$ 6 bilh\u00f5es, n\u00e3o vai se alterar at\u00e9 o fim do ano. A expectativa \u00e9 que o plano de reestrutura\u00e7\u00e3o comece a dar resultados positivos em 2027.<\/p>\n\n\n\n<p>*AE<\/p>\n","protected":false},"excerpt":{"rendered":"<p>O presidente dos Correios, Emmanoel Rondon, disse que o Programa de Demiss\u00e3o Volunt\u00e1ria (PDV) como parte do processo de reestrutura\u00e7\u00e3o da companhia deve gerar economia anual de R$ 2,1 bilh\u00f5es, com impacto pleno a partir de 2028. O programa ser\u00e1 aberto em janeiro de 2026 com potencial de ades\u00e3o de at\u00e9 15 mil empregados entre [&hellip;]<\/p>\n","protected":false},"author":2,"featured_media":22678,"comment_status":"open","ping_status":"open","sticky":false,"template":"","format":"standard","meta":[],"categories":[10],"tags":[13],"_links":{"self":[{"href":"https:\/\/dgospel.com.br\/portal\/index.php\/wp-json\/wp\/v2\/posts\/22677"}],"collection":[{"href":"https:\/\/dgospel.com.br\/portal\/index.php\/wp-json\/wp\/v2\/posts"}],"about":[{"href":"https:\/\/dgospel.com.br\/portal\/index.php\/wp-json\/wp\/v2\/types\/post"}],"author":[{"embeddable":true,"href":"https:\/\/dgospel.com.br\/portal\/index.php\/wp-json\/wp\/v2\/users\/2"}],"replies":[{"embeddable":true,"href":"https:\/\/dgospel.com.br\/portal\/index.php\/wp-json\/wp\/v2\/comments?post=22677"}],"version-history":[{"count":1,"href":"https:\/\/dgospel.com.br\/portal\/index.php\/wp-json\/wp\/v2\/posts\/22677\/revisions"}],"predecessor-version":[{"id":22679,"href":"https:\/\/dgospel.com.br\/portal\/index.php\/wp-json\/wp\/v2\/posts\/22677\/revisions\/22679"}],"wp:featuredmedia":[{"embeddable":true,"href":"https:\/\/dgospel.com.br\/portal\/index.php\/wp-json\/wp\/v2\/media\/22678"}],"wp:attachment":[{"href":"https:\/\/dgospel.com.br\/portal\/index.php\/wp-json\/wp\/v2\/media?parent=22677"}],"wp:term":[{"taxonomy":"category","embeddable":true,"href":"https:\/\/dgospel.com.br\/portal\/index.php\/wp-json\/wp\/v2\/categories?post=22677"},{"taxonomy":"post_tag","embeddable":true,"href":"https:\/\/dgospel.com.br\/portal\/index.php\/wp-json\/wp\/v2\/tags?post=22677"}],"curies":[{"name":"wp","href":"https:\/\/api.w.org\/{rel}","templated":true}]}}