{"id":2269,"date":"2019-01-09T18:37:42","date_gmt":"2019-01-09T20:37:42","guid":{"rendered":"http:\/\/dgospel.com.br\/portal\/?p=2269"},"modified":"2019-01-09T18:37:42","modified_gmt":"2019-01-09T20:37:42","slug":"conta-de-agua-trara-informes-de-pessoas-desaparecidas-da-capital","status":"publish","type":"post","link":"https:\/\/dgospel.com.br\/portal\/index.php\/2019\/01\/09\/conta-de-agua-trara-informes-de-pessoas-desaparecidas-da-capital\/","title":{"rendered":"Conta de \u00e1gua trar\u00e1 informes de pessoas desaparecidas da Capital"},"content":{"rendered":"<p class=\"yiv5165355598MsoNormal\">Fotos de moradores desaparecidos na Capital passar\u00e3o a ser impressas na fatura de \u00e1gua.\u00a0\u00a0A medida est\u00e1 prevista na Lei Municipal n\u00ba 2.455\/2019, que foi publicada no Di\u00e1rio Oficial Municipal (DOM) de 08 de janeiro de 2019. O projeto que deu origem \u00e0 lei, j\u00e1 sancionado pela prefeita Cinthia Ribeiro, \u00e9 de autoria do vereador Rog\u00e9rio Freitas.<\/p>\n<p class=\"yiv5165355598MsoNormal\">Conforme previsto na nova lei, as faturas passar\u00e3o a reservar espa\u00e7o para divulga\u00e7\u00e3o de informa\u00e7\u00f5es e fotografias sobre pessoas desaparecidas em Palmas. Conforme descrito na pr\u00f3pria lei, um decreto regulamentar\u00e1 em 90 dias os crit\u00e9rios para cumprimento da lei.<\/p>\n","protected":false},"excerpt":{"rendered":"<p>Fotos de moradores desaparecidos na Capital passar\u00e3o a ser impressas na fatura de \u00e1gua.\u00a0\u00a0A medida est\u00e1 prevista na Lei Municipal n\u00ba 2.455\/2019, que foi publicada no Di\u00e1rio Oficial Municipal (DOM) de 08 de janeiro de 2019. O projeto que deu origem \u00e0 lei, j\u00e1 sancionado pela prefeita Cinthia Ribeiro, \u00e9 de autoria do vereador Rog\u00e9rio [&hellip;]<\/p>\n","protected":false},"author":2,"featured_media":2270,"comment_status":"open","ping_status":"open","sticky":false,"template":"","format":"standard","meta":[],"categories":[2,3],"tags":[],"_links":{"self":[{"href":"https:\/\/dgospel.com.br\/portal\/index.php\/wp-json\/wp\/v2\/posts\/2269"}],"collection":[{"href":"https:\/\/dgospel.com.br\/portal\/index.php\/wp-json\/wp\/v2\/posts"}],"about":[{"href":"https:\/\/dgospel.com.br\/portal\/index.php\/wp-json\/wp\/v2\/types\/post"}],"author":[{"embeddable":true,"href":"https:\/\/dgospel.com.br\/portal\/index.php\/wp-json\/wp\/v2\/users\/2"}],"replies":[{"embeddable":true,"href":"https:\/\/dgospel.com.br\/portal\/index.php\/wp-json\/wp\/v2\/comments?post=2269"}],"version-history":[{"count":1,"href":"https:\/\/dgospel.com.br\/portal\/index.php\/wp-json\/wp\/v2\/posts\/2269\/revisions"}],"predecessor-version":[{"id":2271,"href":"https:\/\/dgospel.com.br\/portal\/index.php\/wp-json\/wp\/v2\/posts\/2269\/revisions\/2271"}],"wp:featuredmedia":[{"embeddable":true,"href":"https:\/\/dgospel.com.br\/portal\/index.php\/wp-json\/wp\/v2\/media\/2270"}],"wp:attachment":[{"href":"https:\/\/dgospel.com.br\/portal\/index.php\/wp-json\/wp\/v2\/media?parent=2269"}],"wp:term":[{"taxonomy":"category","embeddable":true,"href":"https:\/\/dgospel.com.br\/portal\/index.php\/wp-json\/wp\/v2\/categories?post=2269"},{"taxonomy":"post_tag","embeddable":true,"href":"https:\/\/dgospel.com.br\/portal\/index.php\/wp-json\/wp\/v2\/tags?post=2269"}],"curies":[{"name":"wp","href":"https:\/\/api.w.org\/{rel}","templated":true}]}}