{"id":22704,"date":"2026-01-14T10:04:43","date_gmt":"2026-01-14T13:04:43","guid":{"rendered":"https:\/\/dgospel.com.br\/portal\/?p=22704"},"modified":"2026-01-14T10:04:45","modified_gmt":"2026-01-14T13:04:45","slug":"mansao-usada-por-lulinha-em-brasilia-tem-ligacao-com-careca-do-inss","status":"publish","type":"post","link":"https:\/\/dgospel.com.br\/portal\/index.php\/2026\/01\/14\/mansao-usada-por-lulinha-em-brasilia-tem-ligacao-com-careca-do-inss\/","title":{"rendered":"Mans\u00e3o usada por Lulinha em Bras\u00edlia tem liga\u00e7\u00e3o com Careca do INSS"},"content":{"rendered":"\n<p>Uma mans\u00e3o localizada no Lago Sul, em Bras\u00edlia, passou a ser alvo de investiga\u00e7\u00e3o da Pol\u00edcia Federal por ser frequentada por F\u00e1bio Lu\u00eds Lula da Silva, conhecido como Lulinha. O im\u00f3vel, de alto padr\u00e3o e com vista para o Lago Parano\u00e1, n\u00e3o pertence diretamente ao filho do presidente, mas \u00e9 alugado por uma lobista que possui liga\u00e7\u00e3o com um investigado por fraudes previdenci\u00e1rias.<\/p>\n\n\n\n<p>Apesar de Lulinha residir atualmente no exterior, o im\u00f3vel continuava sendo movimentado por pessoas pr\u00f3ximas a ele. Mensagens interceptadas pela Pol\u00edcia Federal indicam que a lobista orientava o investigado a eliminar celulares, al\u00e9m de mencionar Lulinha em conversas relacionadas \u00e0 investiga\u00e7\u00e3o.<\/p>\n\n\n\n<p>A mans\u00e3o tamb\u00e9m j\u00e1 foi usada por outras figuras pol\u00edticas, refor\u00e7ando seu papel como endere\u00e7o de interesse no meio pol\u00edtico. Registros apontam visitas conjuntas da lobista e do investigado a \u00f3rg\u00e3os p\u00fablicos, atuando em nome de empresas de sa\u00fade, enquanto redes sociais mostravam proximidade entre a lobista e a fam\u00edlia de Lulinha.<\/p>\n\n\n\n<p>Outras apura\u00e7\u00f5es indicam ainda que encomendas enviadas a im\u00f3veis ligados a Lulinha levantam suspeitas sobre a rela\u00e7\u00e3o entre ele e o investigado, embora a defesa do filho do presidente negue qualquer envolvimento ou conhecimento das condutas investigadas.<\/p>\n\n\n\n<p>A investiga\u00e7\u00e3o segue em andamento, buscando esclarecer a extens\u00e3o dos v\u00ednculos e eventuais responsabilidades de todos os envolvidos.<\/p>\n\n\n\n<p><\/p>\n","protected":false},"excerpt":{"rendered":"<p>Uma mans\u00e3o localizada no Lago Sul, em Bras\u00edlia, passou a ser alvo de investiga\u00e7\u00e3o da Pol\u00edcia Federal por ser frequentada por F\u00e1bio Lu\u00eds Lula da Silva, conhecido como Lulinha. O im\u00f3vel, de alto padr\u00e3o e com vista para o Lago Parano\u00e1, n\u00e3o pertence diretamente ao filho do presidente, mas \u00e9 alugado por uma lobista que [&hellip;]<\/p>\n","protected":false},"author":2,"featured_media":22706,"comment_status":"open","ping_status":"open","sticky":false,"template":"","format":"standard","meta":[],"categories":[4],"tags":[13],"_links":{"self":[{"href":"https:\/\/dgospel.com.br\/portal\/index.php\/wp-json\/wp\/v2\/posts\/22704"}],"collection":[{"href":"https:\/\/dgospel.com.br\/portal\/index.php\/wp-json\/wp\/v2\/posts"}],"about":[{"href":"https:\/\/dgospel.com.br\/portal\/index.php\/wp-json\/wp\/v2\/types\/post"}],"author":[{"embeddable":true,"href":"https:\/\/dgospel.com.br\/portal\/index.php\/wp-json\/wp\/v2\/users\/2"}],"replies":[{"embeddable":true,"href":"https:\/\/dgospel.com.br\/portal\/index.php\/wp-json\/wp\/v2\/comments?post=22704"}],"version-history":[{"count":1,"href":"https:\/\/dgospel.com.br\/portal\/index.php\/wp-json\/wp\/v2\/posts\/22704\/revisions"}],"predecessor-version":[{"id":22707,"href":"https:\/\/dgospel.com.br\/portal\/index.php\/wp-json\/wp\/v2\/posts\/22704\/revisions\/22707"}],"wp:featuredmedia":[{"embeddable":true,"href":"https:\/\/dgospel.com.br\/portal\/index.php\/wp-json\/wp\/v2\/media\/22706"}],"wp:attachment":[{"href":"https:\/\/dgospel.com.br\/portal\/index.php\/wp-json\/wp\/v2\/media?parent=22704"}],"wp:term":[{"taxonomy":"category","embeddable":true,"href":"https:\/\/dgospel.com.br\/portal\/index.php\/wp-json\/wp\/v2\/categories?post=22704"},{"taxonomy":"post_tag","embeddable":true,"href":"https:\/\/dgospel.com.br\/portal\/index.php\/wp-json\/wp\/v2\/tags?post=22704"}],"curies":[{"name":"wp","href":"https:\/\/api.w.org\/{rel}","templated":true}]}}