{"id":2272,"date":"2019-01-10T10:26:12","date_gmt":"2019-01-10T12:26:12","guid":{"rendered":"http:\/\/dgospel.com.br\/portal\/?p=2272"},"modified":"2019-01-10T10:26:12","modified_gmt":"2019-01-10T12:26:12","slug":"filha-de-prefeito-baleado-diz-deus-estava-ali-e-tirou-com-as-maos","status":"publish","type":"post","link":"https:\/\/dgospel.com.br\/portal\/index.php\/2019\/01\/10\/filha-de-prefeito-baleado-diz-deus-estava-ali-e-tirou-com-as-maos\/","title":{"rendered":"Filha de prefeito baleado diz: \u201cDeus estava ali e tirou com as m\u00e3os\u201d"},"content":{"rendered":"<p>Elcimara, uma das filhas do prefeito de Novo Acordo, Elson Lino de Aguiar Filho, o Dotozim (MDB), 57 anos, disse em \u00e1udio postado nas redes sociais na noite desta quarta-feira, 9, que o pai est\u00e1 bem e que s\u00f3 precisar\u00e1 de uma cirurgia no maxilar. Segundo ela, \u201cn\u00e3o afetou nada do c\u00e9rebro dele\u201d e Dotozim \u201cest\u00e1 tranquilo\u201d.<\/p>\n<p>\u201cDeus estava presente no momento, agindo da forma correta, foram l\u00e1 para acabar com a vida do meu pai, mas ele est\u00e1 bem\u201d, afirma a filha do prefeito.<\/p>\n<p>Elcimara contou que esteve com o pai. \u201cDei um abra\u00e7o no meu pai, conversei com ele, ele falou comigo\u201d, disse no \u00e1udio. \u201cEstamos passando por uma situa\u00e7\u00e3o dif\u00edcil, em nome de Jesus, porque Deus sabe do cora\u00e7\u00e3o que ele [Dotozim] tem. No momento de tudo, Deus estava ali e tirou com as m\u00e3os Dele\u201d, disse a filha no \u00e1udio, emocionada.<\/p>\n<p>O prefeito levou tr\u00eas tiros por volta das 15 horas desta quarta. O atirador seria um homem j\u00e1 teria sido preso por amea\u00e7ar Dotozim. A Pol\u00edcia est\u00e1 \u00e0 procura dele.<\/p>\n<p>Familiares disseram que o prefeito estava s\u00f3 em casa, onde o atentado ocorreu. O atirador entrou f\u00e1cil na resid\u00eancia, j\u00e1 que o im\u00f3vel n\u00e3o \u00e9 murado. Dotozim foi atingido pelos tr\u00eas tiros dentro do quarto. Ele ainda conseguiu se movimentar at\u00e9 a entrada do im\u00f3vel para pedir socorro. O suspeito fugiu em uma moto.\u00a0Testemunhas disseram que Dotozim foi baleado no rosto, bra\u00e7o e cabe\u00e7a.<\/p>\n<p>Fonte:\u00a0clebertoledo<\/p>\n<p>&nbsp;<\/p>\n","protected":false},"excerpt":{"rendered":"<p>Elcimara, uma das filhas do prefeito de Novo Acordo, Elson Lino de Aguiar Filho, o Dotozim (MDB), 57 anos, disse em \u00e1udio postado nas redes sociais na noite desta quarta-feira, 9, que o pai est\u00e1 bem e que s\u00f3 precisar\u00e1 de uma cirurgia no maxilar. Segundo ela, \u201cn\u00e3o afetou nada do c\u00e9rebro dele\u201d e Dotozim [&hellip;]<\/p>\n","protected":false},"author":2,"featured_media":2273,"comment_status":"open","ping_status":"open","sticky":false,"template":"","format":"standard","meta":[],"categories":[2,3],"tags":[],"_links":{"self":[{"href":"https:\/\/dgospel.com.br\/portal\/index.php\/wp-json\/wp\/v2\/posts\/2272"}],"collection":[{"href":"https:\/\/dgospel.com.br\/portal\/index.php\/wp-json\/wp\/v2\/posts"}],"about":[{"href":"https:\/\/dgospel.com.br\/portal\/index.php\/wp-json\/wp\/v2\/types\/post"}],"author":[{"embeddable":true,"href":"https:\/\/dgospel.com.br\/portal\/index.php\/wp-json\/wp\/v2\/users\/2"}],"replies":[{"embeddable":true,"href":"https:\/\/dgospel.com.br\/portal\/index.php\/wp-json\/wp\/v2\/comments?post=2272"}],"version-history":[{"count":1,"href":"https:\/\/dgospel.com.br\/portal\/index.php\/wp-json\/wp\/v2\/posts\/2272\/revisions"}],"predecessor-version":[{"id":2274,"href":"https:\/\/dgospel.com.br\/portal\/index.php\/wp-json\/wp\/v2\/posts\/2272\/revisions\/2274"}],"wp:featuredmedia":[{"embeddable":true,"href":"https:\/\/dgospel.com.br\/portal\/index.php\/wp-json\/wp\/v2\/media\/2273"}],"wp:attachment":[{"href":"https:\/\/dgospel.com.br\/portal\/index.php\/wp-json\/wp\/v2\/media?parent=2272"}],"wp:term":[{"taxonomy":"category","embeddable":true,"href":"https:\/\/dgospel.com.br\/portal\/index.php\/wp-json\/wp\/v2\/categories?post=2272"},{"taxonomy":"post_tag","embeddable":true,"href":"https:\/\/dgospel.com.br\/portal\/index.php\/wp-json\/wp\/v2\/tags?post=2272"}],"curies":[{"name":"wp","href":"https:\/\/api.w.org\/{rel}","templated":true}]}}