{"id":22720,"date":"2026-01-16T09:09:07","date_gmt":"2026-01-16T12:09:07","guid":{"rendered":"https:\/\/dgospel.com.br\/portal\/?p=22720"},"modified":"2026-01-16T09:09:08","modified_gmt":"2026-01-16T12:09:08","slug":"prefeitura-de-palmas-retoma-capital-da-fe-e-anuncia-programacao-com-grandes-nomes-da-musica-gospel","status":"publish","type":"post","link":"https:\/\/dgospel.com.br\/portal\/index.php\/2026\/01\/16\/prefeitura-de-palmas-retoma-capital-da-fe-e-anuncia-programacao-com-grandes-nomes-da-musica-gospel\/","title":{"rendered":"Prefeitura de Palmas retoma Capital da F\u00e9 e anuncia programa\u00e7\u00e3o com grandes nomes da m\u00fasica gospel"},"content":{"rendered":"\n<p>O maior evento crist\u00e3o do Norte do Pa\u00eds est\u00e1 de volta. O retorno do Capital da F\u00e9 foi oficialmente anunciado nesta quinta-feira, 15, durante coletiva de imprensa no Pa\u00e7o Municipal, convocada pelo prefeito Eduardo Siqueira Campos. Ap\u00f3s um ano suspenso em raz\u00e3o de restri\u00e7\u00f5es or\u00e7ament\u00e1rias, o festival retorna ainda maior, reunindo grandes nomes da m\u00fasica gospel nacional, artistas regionais e uma estrutura in\u00e9dita para acolher o p\u00fablico durante quatro dias de louvor, adora\u00e7\u00e3o e celebra\u00e7\u00e3o da f\u00e9.<\/p>\n\n\n\n<p>O evento acontece de 14 a 17 de fevereiro, no feriado de Carnaval, no estacionamento do Est\u00e1dio Nilton Santos. No s\u00e1bado, 14, atra\u00e7\u00f5es voltadas ao p\u00fablico jovem abrem a programa\u00e7\u00e3o, trazendo Valesca Maissa, grande sucesso da m\u00fasica pentecostal, Jullyani Souza, com estilo Worship, al\u00e9m dos cantores cat\u00f3licos Juninho Cassimiro e Guilherme S\u00e1.&nbsp;<\/p>\n\n\n\n<p>No domingo, 15, a programa\u00e7\u00e3o ser\u00e1 com o cantor Luciano Camargo; na segunda-feira, 16, as atra\u00e7\u00f5es s\u00e3o voltadas ao p\u00fablico cat\u00f3lico com Pe. F\u00e1bio de Melo. J\u00e1 na ter\u00e7a-feira, 17, o p\u00fablico evang\u00e9lico celebra a f\u00e9 crist\u00e3 com os artistas Daniel e Samuel, Isadora Pompeo e Talles Roberto.&nbsp; A 10\u00aa edi\u00e7\u00e3o do Capital da F\u00e9 traz, al\u00e9m de nomes consagrados nacionalmente, novas participa\u00e7\u00f5es com atra\u00e7\u00f5es regionais.<\/p>\n\n\n\n<p>Durante a coletiva, o prefeito Eduardo Siqueira Campos destacou a import\u00e2ncia do evento para a cidade. \u201cEu tenho muito F\u00e9 que vamos conseguir fazer um grande evento, custeado basicamente com emendas parlamentares, e tamb\u00e9m estamos em busca de parcerias privadas, trazendo nomes muito importantes para o cultura crist\u00e3.\u201d, afirmou.<\/p>\n\n\n\n<p><strong>Valoriza\u00e7\u00e3o da cultura crist\u00e3<\/strong><\/p>\n\n\n\n<p>O prefeito frisou que, neste ano, a escolha das atra\u00e7\u00f5es foi feita pelos organizadores do evento, que \u00e9 conduzido pelo pastor Suilismar e pelo Padre Eduardo, que refor\u00e7ou o papel do Capital da F\u00e9 na propaga\u00e7\u00e3o da cultura crist\u00e3.&nbsp; \u201cO Capital da F\u00e9 cumpre um papel fundamental na valoriza\u00e7\u00e3o da cultura crist\u00e3 e no fortalecimento espiritual das pessoas\u201d, ressaltou o padre.<\/p>\n\n\n\n<p><strong>Estrutura in\u00e9dita<\/strong><\/p>\n\n\n\n<p>A edi\u00e7\u00e3o deste ano contar\u00e1 com uma estrutura completamente reestruturada, com palco duplo, permitindo transi\u00e7\u00f5es mais r\u00e1pidas entre as atra\u00e7\u00f5es, al\u00e9m de uma passarela que aproxima os artistas do p\u00fablico. Um tablado central com DJ manter\u00e1 a anima\u00e7\u00e3o durante os intervalos. O evento ter\u00e1 \u00e1reas cobertas para o p\u00fablico, al\u00e9m de espa\u00e7o para lojinhas de produtos religiosos, \u00e1rea gastron\u00f4mica, estacionamento e toda a infraestrutura necess\u00e1ria para receber fam\u00edlias palmenses e caravanas de outras cidades.<\/p>\n\n\n\n<p><strong>Programa\u00e7\u00e3o&nbsp;<\/strong><\/p>\n\n\n\n<p>DJ JP apresentar\u00e1 todos os dias, animando o p\u00fablico durante a troca das bandas<\/p>\n\n\n\n<p><strong>Dia 14 &#8211; s\u00e1bado<\/strong><\/p>\n\n\n\n<p>Juninho Cassimiro<\/p>\n\n\n\n<p>Guilherme de S\u00e1<\/p>\n\n\n\n<p>Valesca Maissa<\/p>\n\n\n\n<p>Julliany Souza<\/p>\n\n\n\n<p>Tania Castro &#8211; (regional)<\/p>\n\n\n\n<p><strong>Dia 15 &#8211; domingo<\/strong><\/p>\n\n\n\n<p>Turma do Pe. Dudu<\/p>\n\n\n\n<p>Liz Avancini<\/p>\n\n\n\n<p>Fatima Souza<\/p>\n\n\n\n<p>Luciano Camargo<\/p>\n\n\n\n<p>Som e Louvor&nbsp; (regional)<\/p>\n\n\n\n<p><strong>Dia 16 &#8211; segunda<\/strong><\/p>\n\n\n\n<p>Ramon e Rafael&nbsp;<\/p>\n\n\n\n<p>Pe. F\u00e1bio de Melo&nbsp;<\/p>\n\n\n\n<p>William Sanfona<\/p>\n\n\n\n<p><strong>Dia 17 &#8211; ter\u00e7a-feira<\/strong><\/p>\n\n\n\n<p>Moyses Di Carvalho (Regional)<\/p>\n\n\n\n<p>Alex Santos (Regional)<\/p>\n\n\n\n<p>Daniel e Samuel<\/p>\n\n\n\n<p>Isadora Pompeo<\/p>\n\n\n\n<p>Talles Roberto<\/p>\n\n\n\n<p>Sandro Nazireu<\/p>\n","protected":false},"excerpt":{"rendered":"<p>O maior evento crist\u00e3o do Norte do Pa\u00eds est\u00e1 de volta. O retorno do Capital da F\u00e9 foi oficialmente anunciado nesta quinta-feira, 15, durante coletiva de imprensa no Pa\u00e7o Municipal, convocada pelo prefeito Eduardo Siqueira Campos. Ap\u00f3s um ano suspenso em raz\u00e3o de restri\u00e7\u00f5es or\u00e7ament\u00e1rias, o festival retorna ainda maior, reunindo grandes nomes da m\u00fasica [&hellip;]<\/p>\n","protected":false},"author":2,"featured_media":22721,"comment_status":"open","ping_status":"open","sticky":false,"template":"","format":"standard","meta":[],"categories":[3],"tags":[13],"_links":{"self":[{"href":"https:\/\/dgospel.com.br\/portal\/index.php\/wp-json\/wp\/v2\/posts\/22720"}],"collection":[{"href":"https:\/\/dgospel.com.br\/portal\/index.php\/wp-json\/wp\/v2\/posts"}],"about":[{"href":"https:\/\/dgospel.com.br\/portal\/index.php\/wp-json\/wp\/v2\/types\/post"}],"author":[{"embeddable":true,"href":"https:\/\/dgospel.com.br\/portal\/index.php\/wp-json\/wp\/v2\/users\/2"}],"replies":[{"embeddable":true,"href":"https:\/\/dgospel.com.br\/portal\/index.php\/wp-json\/wp\/v2\/comments?post=22720"}],"version-history":[{"count":1,"href":"https:\/\/dgospel.com.br\/portal\/index.php\/wp-json\/wp\/v2\/posts\/22720\/revisions"}],"predecessor-version":[{"id":22722,"href":"https:\/\/dgospel.com.br\/portal\/index.php\/wp-json\/wp\/v2\/posts\/22720\/revisions\/22722"}],"wp:featuredmedia":[{"embeddable":true,"href":"https:\/\/dgospel.com.br\/portal\/index.php\/wp-json\/wp\/v2\/media\/22721"}],"wp:attachment":[{"href":"https:\/\/dgospel.com.br\/portal\/index.php\/wp-json\/wp\/v2\/media?parent=22720"}],"wp:term":[{"taxonomy":"category","embeddable":true,"href":"https:\/\/dgospel.com.br\/portal\/index.php\/wp-json\/wp\/v2\/categories?post=22720"},{"taxonomy":"post_tag","embeddable":true,"href":"https:\/\/dgospel.com.br\/portal\/index.php\/wp-json\/wp\/v2\/tags?post=22720"}],"curies":[{"name":"wp","href":"https:\/\/api.w.org\/{rel}","templated":true}]}}