{"id":22733,"date":"2026-01-26T11:09:34","date_gmt":"2026-01-26T14:09:34","guid":{"rendered":"https:\/\/dgospel.com.br\/portal\/?p=22733"},"modified":"2026-01-26T11:09:35","modified_gmt":"2026-01-26T14:09:35","slug":"flavio-bolsonaro-se-batiza-no-rio-jordao-e-ora-em-jerusalem","status":"publish","type":"post","link":"https:\/\/dgospel.com.br\/portal\/index.php\/2026\/01\/26\/flavio-bolsonaro-se-batiza-no-rio-jordao-e-ora-em-jerusalem\/","title":{"rendered":"Fl\u00e1vio Bolsonaro se batiza no Rio Jord\u00e3o e ora em Jerusal\u00e9m"},"content":{"rendered":"\n<p>O senador Fl\u00e1vio Bolsonaro (PL-RJ) se batizou no Rio Jord\u00e3o na quinta-feira (22), em Israel, e nesta sexta-feira (23) esteve no Muro das Lamenta\u00e7\u00f5es, em Jerusal\u00e9m, onde orou pelo Brasil.<\/p>\n\n\n\n<p>O batismo foi feito ao lado da esposa. Nas redes sociais, o parlamentar disse que j\u00e1 era batizado, mas que decidiu entrar nas \u00e1guas para renovar sua f\u00e9 no local onde, segundo a tradi\u00e7\u00e3o crist\u00e3, Jesus foi batizado.<\/p>\n\n\n\n<p>\u2013 J\u00e1 somos batizados, mas mesmo com a \u00e1gua congelante n\u00e3o poder\u00edamos perder a oportunidade de renovar nossa alian\u00e7a com Deus, descendo \u00e0s \u00e1guas do Rio Jord\u00e3o, em Israel, no mesmo local onde Jesus Cristo foi batizado! \u2013 escreveu no X.<\/p>\n\n\n\n<p>Fl\u00e1vio est\u00e1 em Israel porque vai participar, nos dias 26 e 27 de janeiro, da Confer\u00eancia Anual de Combate ao Antissemitismo, que acontece em Jerusal\u00e9m.<\/p>\n\n\n\n<p>O evento deve reunir autoridades, acad\u00eamicos e comunicadores para discutir o crescimento de atos antissemitas em diversos pa\u00edses nos \u00faltimos dois anos.<\/p>\n\n\n\n<p>Entre os nomes confirmados est\u00e3o o primeiro-ministro de Israel, Benjamin Netanyahu, al\u00e9m de lideran\u00e7as pol\u00edticas e representantes de organiza\u00e7\u00f5es judaicas de v\u00e1rios pa\u00edses.<\/p>\n\n\n\n<p><strong>Assista:<\/strong><\/p>\n\n\n\n<p>https:\/\/x.com\/FlavioBolsonaro\/status\/2014453039189405917?ref_src=twsrc%5Etfw%7Ctwcamp%5Etweetembed%7Ctwterm%5E2014453039189405917%7Ctwgr%5Ea71b6be0ad0dddf1b9bf7eec98e45bf0191b24f9%7Ctwcon%5Es1_&#038;ref_url=https%3A%2F%2Fpleno.news%2Fmundo%2Fflavio-bolsonaro-se-batiza-no-rio-jordao-e-ora-em-jerusalem.html<\/p>\n","protected":false},"excerpt":{"rendered":"<p>O senador Fl\u00e1vio Bolsonaro (PL-RJ) se batizou no Rio Jord\u00e3o na quinta-feira (22), em Israel, e nesta sexta-feira (23) esteve no Muro das Lamenta\u00e7\u00f5es, em Jerusal\u00e9m, onde orou pelo Brasil. O batismo foi feito ao lado da esposa. Nas redes sociais, o parlamentar disse que j\u00e1 era batizado, mas que decidiu entrar nas \u00e1guas para [&hellip;]<\/p>\n","protected":false},"author":2,"featured_media":22734,"comment_status":"open","ping_status":"open","sticky":false,"template":"","format":"standard","meta":[],"categories":[5],"tags":[],"_links":{"self":[{"href":"https:\/\/dgospel.com.br\/portal\/index.php\/wp-json\/wp\/v2\/posts\/22733"}],"collection":[{"href":"https:\/\/dgospel.com.br\/portal\/index.php\/wp-json\/wp\/v2\/posts"}],"about":[{"href":"https:\/\/dgospel.com.br\/portal\/index.php\/wp-json\/wp\/v2\/types\/post"}],"author":[{"embeddable":true,"href":"https:\/\/dgospel.com.br\/portal\/index.php\/wp-json\/wp\/v2\/users\/2"}],"replies":[{"embeddable":true,"href":"https:\/\/dgospel.com.br\/portal\/index.php\/wp-json\/wp\/v2\/comments?post=22733"}],"version-history":[{"count":1,"href":"https:\/\/dgospel.com.br\/portal\/index.php\/wp-json\/wp\/v2\/posts\/22733\/revisions"}],"predecessor-version":[{"id":22735,"href":"https:\/\/dgospel.com.br\/portal\/index.php\/wp-json\/wp\/v2\/posts\/22733\/revisions\/22735"}],"wp:featuredmedia":[{"embeddable":true,"href":"https:\/\/dgospel.com.br\/portal\/index.php\/wp-json\/wp\/v2\/media\/22734"}],"wp:attachment":[{"href":"https:\/\/dgospel.com.br\/portal\/index.php\/wp-json\/wp\/v2\/media?parent=22733"}],"wp:term":[{"taxonomy":"category","embeddable":true,"href":"https:\/\/dgospel.com.br\/portal\/index.php\/wp-json\/wp\/v2\/categories?post=22733"},{"taxonomy":"post_tag","embeddable":true,"href":"https:\/\/dgospel.com.br\/portal\/index.php\/wp-json\/wp\/v2\/tags?post=22733"}],"curies":[{"name":"wp","href":"https:\/\/api.w.org\/{rel}","templated":true}]}}