{"id":22736,"date":"2026-01-29T09:20:02","date_gmt":"2026-01-29T12:20:02","guid":{"rendered":"https:\/\/dgospel.com.br\/portal\/?p=22736"},"modified":"2026-01-29T09:20:03","modified_gmt":"2026-01-29T12:20:03","slug":"vice-presidente-da-camara-de-paraiso-jozival-rodrigues-declara-apoio-ao-deputado-gipao","status":"publish","type":"post","link":"https:\/\/dgospel.com.br\/portal\/index.php\/2026\/01\/29\/vice-presidente-da-camara-de-paraiso-jozival-rodrigues-declara-apoio-ao-deputado-gipao\/","title":{"rendered":"Vice-presidente da c\u00e2mara de Para\u00edso, Jozival Rodrigues, declara apoio ao deputado Gip\u00e3o"},"content":{"rendered":"\n<p>O deputado estadual Gip\u00e3o segue ampliando seu di\u00e1logo pol\u00edtico em diferentes regi\u00f5es do Tocantins e recebeu, nesta semana, o apoio do vice-presidente da C\u00e2mara Municipal de Para\u00edso do Tocantins, vereador Jozival Rodrigues Barboza.<\/p>\n\n\n\n<p>O gesto nasce da converg\u00eancia de valores, princ\u00edpios e de uma atua\u00e7\u00e3o parlamentar alinhada ao desenvolvimento regional. Ambos compartilham a mesma caminhada crist\u00e3 na Assembleia de Deus CIADSETA, o que fortalece ainda mais a rela\u00e7\u00e3o de respeito, di\u00e1logo e confian\u00e7a m\u00fatua, como salientou o vice-presidente.<\/p>\n\n\n\n<p>\u201cMeu apoio ao deputado Gip\u00e3o nasce da confian\u00e7a no seu trabalho, na sua postura p\u00fablica e nos valores que ele carrega. Gip\u00e3o tem uma atua\u00e7\u00e3o respons\u00e1vel, pr\u00f3xima dos munic\u00edpios e comprometida com o desenvolvimento regional. Al\u00e9m disso, compartilhamos a mesma f\u00e9, os mesmos princ\u00edpios crist\u00e3os e a mesma vis\u00e3o de que a pol\u00edtica deve servir \u00e0s pessoas. Acredito que essa parceria fortalece n\u00e3o apenas Para\u00edso do Tocantins, mas todo o nosso estado\u201d, afirmou Jozival.<\/p>\n\n\n\n<p>O vereador tem lideran\u00e7a consolidada no munic\u00edpio, com uma atua\u00e7\u00e3o t\u00e9cnica, social e comunit\u00e1ria. Servidor p\u00fablico dedicado, l\u00edder comunit\u00e1rio e pecuarista, mant\u00e9m forte liga\u00e7\u00e3o com o setor produtivo rural e com pautas voltadas ao desenvolvimento econ\u00f4mico e social.<\/p>\n\n\n\n<p>Durante seu mandato, tem se destacado por iniciativas voltadas \u00e0 desburocratiza\u00e7\u00e3o administrativa e ao desenvolvimento urbano e social de Para\u00edso. Entre suas principais contribui\u00e7\u00f5es est\u00e1 a atua\u00e7\u00e3o direta na regulariza\u00e7\u00e3o de \u00e1reas como o Distrito de Santa Rosa, Distrito de Santaninha, Setor Santa Genoveva e a antiga \u00e1rea do Abatedouro, possibilitando que essas regi\u00f5es passassem a receber investimentos em infraestrutura, asfaltamento e saneamento b\u00e1sico.<\/p>\n\n\n\n<p>A declara\u00e7\u00e3o de apoio do vice-presidente da C\u00e2mara de Para\u00edso do Tocantins soma-se a outros importantes movimentos recentes. Em Aragua\u00edna, Gip\u00e3o tem demonstrado for\u00e7a pol\u00edtica ao reunir o apoio declarado de vereadores que integram a base do prefeito Wagner Rodrigues. Na capital, Palmas, o parlamentar tamb\u00e9m conta com o respaldo do vereador Juarez Rigol. Agora, em Para\u00edso, o gesto de Jozival Barboza refor\u00e7a a amplia\u00e7\u00e3o das pontes pol\u00edticas constru\u00eddas pelo deputado em diferentes regi\u00f5es do estado.<\/p>\n","protected":false},"excerpt":{"rendered":"<p>O deputado estadual Gip\u00e3o segue ampliando seu di\u00e1logo pol\u00edtico em diferentes regi\u00f5es do Tocantins e recebeu, nesta semana, o apoio do vice-presidente da C\u00e2mara Municipal de Para\u00edso do Tocantins, vereador Jozival Rodrigues Barboza. O gesto nasce da converg\u00eancia de valores, princ\u00edpios e de uma atua\u00e7\u00e3o parlamentar alinhada ao desenvolvimento regional. Ambos compartilham a mesma caminhada [&hellip;]<\/p>\n","protected":false},"author":2,"featured_media":22737,"comment_status":"open","ping_status":"open","sticky":false,"template":"","format":"standard","meta":[],"categories":[4],"tags":[13],"_links":{"self":[{"href":"https:\/\/dgospel.com.br\/portal\/index.php\/wp-json\/wp\/v2\/posts\/22736"}],"collection":[{"href":"https:\/\/dgospel.com.br\/portal\/index.php\/wp-json\/wp\/v2\/posts"}],"about":[{"href":"https:\/\/dgospel.com.br\/portal\/index.php\/wp-json\/wp\/v2\/types\/post"}],"author":[{"embeddable":true,"href":"https:\/\/dgospel.com.br\/portal\/index.php\/wp-json\/wp\/v2\/users\/2"}],"replies":[{"embeddable":true,"href":"https:\/\/dgospel.com.br\/portal\/index.php\/wp-json\/wp\/v2\/comments?post=22736"}],"version-history":[{"count":1,"href":"https:\/\/dgospel.com.br\/portal\/index.php\/wp-json\/wp\/v2\/posts\/22736\/revisions"}],"predecessor-version":[{"id":22738,"href":"https:\/\/dgospel.com.br\/portal\/index.php\/wp-json\/wp\/v2\/posts\/22736\/revisions\/22738"}],"wp:featuredmedia":[{"embeddable":true,"href":"https:\/\/dgospel.com.br\/portal\/index.php\/wp-json\/wp\/v2\/media\/22737"}],"wp:attachment":[{"href":"https:\/\/dgospel.com.br\/portal\/index.php\/wp-json\/wp\/v2\/media?parent=22736"}],"wp:term":[{"taxonomy":"category","embeddable":true,"href":"https:\/\/dgospel.com.br\/portal\/index.php\/wp-json\/wp\/v2\/categories?post=22736"},{"taxonomy":"post_tag","embeddable":true,"href":"https:\/\/dgospel.com.br\/portal\/index.php\/wp-json\/wp\/v2\/tags?post=22736"}],"curies":[{"name":"wp","href":"https:\/\/api.w.org\/{rel}","templated":true}]}}