{"id":22742,"date":"2026-01-29T09:35:09","date_gmt":"2026-01-29T12:35:09","guid":{"rendered":"https:\/\/dgospel.com.br\/portal\/?p=22742"},"modified":"2026-01-29T09:35:10","modified_gmt":"2026-01-29T12:35:10","slug":"empresa-ligada-a-vorcaro-fechou-mais-de-r-300-milhoes-em-contratos-com-governo-lula","status":"publish","type":"post","link":"https:\/\/dgospel.com.br\/portal\/index.php\/2026\/01\/29\/empresa-ligada-a-vorcaro-fechou-mais-de-r-300-milhoes-em-contratos-com-governo-lula\/","title":{"rendered":"Empresa ligada a Vorcaro fechou mais de R$ 300 milh\u00f5es em contratos com governo Lula"},"content":{"rendered":"\n<p>A\u00a0<strong>Biomm<\/strong>, empresa de biotecnologia cujo principal acionista \u00e9 o\u00a0<strong>banqueiro Daniel Vorcaro<\/strong>, fechou\u00a0<strong>ao menos R$ 303,65 milh\u00f5es em contratos com o Minist\u00e9rio da Sa\u00fade<\/strong>\u00a0durante o terceiro mandato do presidente\u00a0<strong>Luiz In\u00e1cio Lula da Silva (PT)<\/strong>, em 2025. Os acordos envolvem o fornecimento de\u00a0<strong>insulina<\/strong>\u00a0ao SUS (Sistema \u00danico de Sa\u00fade) e t\u00eam\u00a0<strong>vig\u00eancia inicial de 12 meses, com possibilidade de prorroga\u00e7\u00e3o por at\u00e9 10 anos<\/strong>.\u00a0A informa\u00e7\u00e3o foi revelada pelo portal\u00a0<a rel=\"noreferrer noopener\" href=\"https:\/\/www.poder360.com.br\/poder-economia\/empresa-de-vorcaro-fechou-r-30365-mi-em-contratos-com-governo-lula\/\" target=\"_blank\">Poder360<\/a>\u00a0atrav\u00e9s de documentos p\u00fablicos da pr\u00f3pria empresa e termos oficiais publicados pelo governo.<\/p>\n\n\n\n<p>Esses documentos podem ser acessados aqui:&nbsp;<a href=\"https:\/\/horabrasilia.com.br\/wp-content\/uploads\/2026\/01\/ministerio-da-saude-contrato-biomm-265-2025.pdf\">Ministerio-da-Saude-contrato-Biomm-265-2025,<\/a>&nbsp;<a href=\"https:\/\/horabrasilia.com.br\/wp-content\/uploads\/2026\/01\/biomm-fato-relevante-contrato-de-aquisicao-de-insulina-glargina.pdf\">Biomm-Fato-relevante-contrato-de-aquisicao-de-insulina-glargina<\/a>&nbsp;;&nbsp;<a href=\"https:\/\/horabrasilia.com.br\/wp-content\/uploads\/2026\/01\/biomm-fato-relevante-contrato-de-aquisicao-de-insulina-humana.pdf\">Biomm-Fato-relevante-contrato-de-aquisicao-de-insulina-humana<\/a>.<\/p>\n\n\n\n<h3>Os contratos com o governo Lula:<\/h3>\n\n\n\n<ul><li><strong>30 de junho de 2025<\/strong>&nbsp;\u2013 Contrato de&nbsp;<strong>R$ 142 milh\u00f5es<\/strong>&nbsp;com o Minist\u00e9rio da Sa\u00fade para fornecimento de&nbsp;<strong>insulina humana<\/strong>. Parceria envolve a Wockhardt e a Funda\u00e7\u00e3o Ezequiel Dias.<\/li><li><strong>3 de novembro de 2025<\/strong>&nbsp;\u2013 Novo contrato, no valor de&nbsp;<strong>R$ 131 milh\u00f5es<\/strong>, para fornecimento de&nbsp;<strong>insulina glargina<\/strong>, em parceria com Gan&amp;Lee Pharmaceuticals e Bio-Manguinhos\/Fiocruz.<\/li><li><strong>Termo adicional<\/strong>&nbsp;\u2013 Compra de&nbsp;<strong>2,01 milh\u00f5es de doses<\/strong>&nbsp;de insulina glargina por&nbsp;<strong>R$ 30,6 milh\u00f5es<\/strong>, com entregas divididas at\u00e9 abril de 2026.<\/li><\/ul>\n\n\n\n<p>Apesar de n\u00e3o estar presente nas cerim\u00f4nias,&nbsp;<strong>Vorcaro det\u00e9m 25,86% da Biomm<\/strong>, por meio do&nbsp;<strong>Fundo Cartago<\/strong>, administrado pelo&nbsp;<strong>Banco Master<\/strong>, atualmente liquidado pelo Banco Central. O pr\u00f3prio presidente Lula participou da inaugura\u00e7\u00e3o da f\u00e1brica da empresa em abril de 2024, ao lado de outros acionistas.<\/p>\n\n\n\n<p><a href=\"https:\/\/horabrasilia.com.br\/2026\/01\/as-3-visitas-de-dono-do-banco-master-ao-planalto-nao-constam-em-agendas-oficiais-mas-estao-registradas-na-portaria\/\">Daniel Vorcaro&nbsp;<strong>manteve tr\u00e2nsito direto no Pal\u00e1cio do Planalto<\/strong>&nbsp;durante o governo Lula. Ele esteve ao menos&nbsp;<strong>quatro vezes entre 2023 e 2024<\/strong>, segundo registros do&nbsp;<strong>Gabinete de Seguran\u00e7a Institucional (GSI)<\/strong>.<\/a>&nbsp;Em&nbsp;<strong>4 de dezembro de 2024<\/strong>, participou de&nbsp;<strong>reuni\u00e3o fora da agenda oficial com Lula<\/strong>, intermediada por&nbsp;<strong>Guido Mantega<\/strong>, ex-ministro da Fazenda e ent\u00e3o consultor do Banco Master.<\/p>\n\n\n\n<p>O governo afirma que as visitas n\u00e3o ocorreram no gabinete presidencial e que, \u00e0 \u00e9poca, n\u00e3o havia den\u00fancias contra o banco. No entanto,&nbsp;<strong>em novembro de 2025<\/strong>, o Banco Central decretou a&nbsp;<strong>liquida\u00e7\u00e3o extrajudicial do Master<\/strong>, alegando&nbsp;<strong>grave crise de liquidez, fraudes cont\u00e1beis e viola\u00e7\u00f5es \u00e0s regras do sistema financeiro<\/strong>.<\/p>\n\n\n\n<p>A&nbsp;<strong>Biomm<\/strong>&nbsp;divulgou nota afirmando que&nbsp;<strong>n\u00e3o possui acionista controlador<\/strong>&nbsp;e que todos os contratos seguiram os ritos legais estabelecidos pelo Minist\u00e9rio da Sa\u00fade. A empresa destacou que participa regularmente de licita\u00e7\u00f5es p\u00fablicas e privadas,&nbsp;<strong>sem qualquer interfer\u00eancia de acionistas individuais<\/strong>.<\/p>\n\n\n\n<p>J\u00e1 o Minist\u00e9rio da Sa\u00fade, procurado pelo jornal&nbsp;<strong>Poder360<\/strong>,&nbsp;<strong>n\u00e3o respondeu at\u00e9 o fechamento da reportagem<\/strong>.<\/p>\n\n\n\n<h3>An\u00e1lise: conflito de interesses e risco pol\u00edtico<\/h3>\n\n\n\n<p>Os contratos firmados com uma empresa fortemente ligada ao&nbsp;<strong>principal personagem de um esc\u00e2ndalo financeiro bilion\u00e1rio<\/strong>&nbsp;colocam o governo federal sob press\u00e3o. Ainda que legais, os v\u00ednculos com a Biomm em pleno colapso do Banco Master levantam&nbsp;<strong>sinais de alerta sobre poss\u00edvel favorecimento e aus\u00eancia de filtros institucionais<\/strong>&nbsp;diante de riscos reputacionais.<\/p>\n\n\n\n<p>Com as&nbsp;<strong>rela\u00e7\u00f5es pol\u00edticas entre Vorcaro e integrantes do governo j\u00e1 expostas<\/strong>, inclusive com visitas a ministros e articula\u00e7\u00f5es com o STF, a revela\u00e7\u00e3o de contratos milion\u00e1rios com uma empresa do mesmo grupo acirra o debate sobre&nbsp;<strong>transpar\u00eancia, responsabilidade fiscal e blindagem institucional<\/strong>.<\/p>\n","protected":false},"excerpt":{"rendered":"<p>A\u00a0Biomm, empresa de biotecnologia cujo principal acionista \u00e9 o\u00a0banqueiro Daniel Vorcaro, fechou\u00a0ao menos R$ 303,65 milh\u00f5es em contratos com o Minist\u00e9rio da Sa\u00fade\u00a0durante o terceiro mandato do presidente\u00a0Luiz In\u00e1cio Lula da Silva (PT), em 2025. Os acordos envolvem o fornecimento de\u00a0insulina\u00a0ao SUS (Sistema \u00danico de Sa\u00fade) e t\u00eam\u00a0vig\u00eancia inicial de 12 meses, com possibilidade de [&hellip;]<\/p>\n","protected":false},"author":2,"featured_media":22743,"comment_status":"open","ping_status":"open","sticky":false,"template":"","format":"standard","meta":[],"categories":[10],"tags":[13],"_links":{"self":[{"href":"https:\/\/dgospel.com.br\/portal\/index.php\/wp-json\/wp\/v2\/posts\/22742"}],"collection":[{"href":"https:\/\/dgospel.com.br\/portal\/index.php\/wp-json\/wp\/v2\/posts"}],"about":[{"href":"https:\/\/dgospel.com.br\/portal\/index.php\/wp-json\/wp\/v2\/types\/post"}],"author":[{"embeddable":true,"href":"https:\/\/dgospel.com.br\/portal\/index.php\/wp-json\/wp\/v2\/users\/2"}],"replies":[{"embeddable":true,"href":"https:\/\/dgospel.com.br\/portal\/index.php\/wp-json\/wp\/v2\/comments?post=22742"}],"version-history":[{"count":1,"href":"https:\/\/dgospel.com.br\/portal\/index.php\/wp-json\/wp\/v2\/posts\/22742\/revisions"}],"predecessor-version":[{"id":22744,"href":"https:\/\/dgospel.com.br\/portal\/index.php\/wp-json\/wp\/v2\/posts\/22742\/revisions\/22744"}],"wp:featuredmedia":[{"embeddable":true,"href":"https:\/\/dgospel.com.br\/portal\/index.php\/wp-json\/wp\/v2\/media\/22743"}],"wp:attachment":[{"href":"https:\/\/dgospel.com.br\/portal\/index.php\/wp-json\/wp\/v2\/media?parent=22742"}],"wp:term":[{"taxonomy":"category","embeddable":true,"href":"https:\/\/dgospel.com.br\/portal\/index.php\/wp-json\/wp\/v2\/categories?post=22742"},{"taxonomy":"post_tag","embeddable":true,"href":"https:\/\/dgospel.com.br\/portal\/index.php\/wp-json\/wp\/v2\/tags?post=22742"}],"curies":[{"name":"wp","href":"https:\/\/api.w.org\/{rel}","templated":true}]}}