{"id":22748,"date":"2026-02-10T15:21:03","date_gmt":"2026-02-10T18:21:03","guid":{"rendered":"https:\/\/dgospel.com.br\/portal\/?p=22748"},"modified":"2026-02-10T15:21:03","modified_gmt":"2026-02-10T18:21:03","slug":"prefeito-autoriza-envio-de-projeto-para-reestruturacao-de-carreira-durante-celebracao-dos-33-anos-da-guarda-metropolitana-de-palmas","status":"publish","type":"post","link":"https:\/\/dgospel.com.br\/portal\/index.php\/2026\/02\/10\/prefeito-autoriza-envio-de-projeto-para-reestruturacao-de-carreira-durante-celebracao-dos-33-anos-da-guarda-metropolitana-de-palmas\/","title":{"rendered":"Prefeito autoriza envio de projeto para reestrutura\u00e7\u00e3o de carreira durante celebra\u00e7\u00e3o dos 33 anos da Guarda Metropolitana de Palmas"},"content":{"rendered":"\n<p>A solenidade em comemora\u00e7\u00e3o aos 33 anos da Guarda Metropolitana de Palmas (GMP), realizada na tarde desta segunda-feira, 9, no quartel da corpora\u00e7\u00e3o, foi marcada por an\u00fancios administrativos, homenagens e premia\u00e7\u00f5es esportivas. Durante o evento, o prefeito Eduardo Siqueira Campos assinou autoriza\u00e7\u00e3o para que a Secretaria Municipal de Planejamento e Gest\u00e3o elabore e encaminhe \u00e0 C\u00e2mara Municipal um Projeto de Lei que prop\u00f5e altera\u00e7\u00f5es na Lei n\u00ba 1.407\/2005, com foco na valoriza\u00e7\u00e3o da carreira dos guardas metropolitanos.<\/p>\n\n\n\n<p>Entre as mudan\u00e7as previstas, conforme a disponibilidade or\u00e7ament\u00e1ria e financeira e em observ\u00e2ncia \u00e0 Lei de Responsabilidade Fiscal, est\u00e3o a concess\u00e3o anual de progress\u00f5es horizontais, manuten\u00e7\u00e3o da refer\u00eancia na progress\u00e3o vertical, incorpora\u00e7\u00e3o da gratifica\u00e7\u00e3o de periculosidade na base de contribui\u00e7\u00e3o previdenci\u00e1ria, institui\u00e7\u00e3o de gratifica\u00e7\u00e3o por titularidade, cria\u00e7\u00e3o de novas refer\u00eancias e enquadramento funcional, al\u00e9m da defini\u00e7\u00e3o de tabela com progress\u00e3o horizontal de 5% e progress\u00e3o vertical de 10%.<\/p>\n\n\n\n<p>Na mesma ocasi\u00e3o, o chefe do Executivo tamb\u00e9m assinou o Projeto de Lei n\u00ba 01, de 9 de fevereiro de 2026, que estabelece, em car\u00e1ter efetivo e permanente, a gratifica\u00e7\u00e3o de periculosidade de 30% sobre o vencimento-base dos guardas metropolitanos. O benef\u00edcio ser\u00e1 incorporado aos proventos e passar\u00e1 a integrar a base de contribui\u00e7\u00e3o previdenci\u00e1ria da categoria.<\/p>\n\n\n\n<p><strong>Homenagens e reconhecimento<\/strong><br>A cerim\u00f4nia contou ainda com a entrega de placas de homenagem ao secret\u00e1rio-chefe do Gabinete do Prefeito, Carlos Antonio da Costa J\u00fanior, e \u00e0 primeira-dama do munic\u00edpio, Polyanna Siqueira Campos. O prefeito Eduardo Siqueira Campos tamb\u00e9m recebeu uma estatueta em reconhecimento ao apoio institucional \u00e0 corpora\u00e7\u00e3o.<\/p>\n\n\n\n<p>O Comandante da Guarda Metropolitana de Palmas, Gilmar Fernandes, expressou sua gratid\u00e3o aos colegas e agradeceu ao prefeito pelas conquistas. \u201cHoje n\u00f3s temos uma Guarda Metropolitana bem qualificada para atender a sociedade palmense\u201d,disse.&nbsp;<\/p>\n\n\n\n<p>O Prefeito de Palmas, Eduardo Siqueira Campos, enalteceu a import\u00e2ncia da institui\u00e7\u00e3o, e a valoriza\u00e7\u00e3o de todos os &nbsp;guardas metropolitanos. \u201cEstamos valorizando, cada vez mais, a nossa Guarda Metropolitana. \u00c9 com esse sentimento de respeito, reconhecimento e gratid\u00e3o que aqui deixo o meu abra\u00e7o a todos os integrantes pelos 33 anos dessa corpora\u00e7\u00e3o t\u00e3o importante para a nossa cidade.\u201d, disse.&nbsp;<\/p>\n\n\n\n<p><strong>Premia\u00e7\u00f5es esportivas<\/strong><br>Como parte das comemora\u00e7\u00f5es, foram realizadas atividades esportivas entre as equipes participantes. No futebol society, o time Amigos do Prefeito ficou com a segunda coloca\u00e7\u00e3o, enquanto o time administrativo da Guarda Metropolitana conquistou o primeiro lugar.<\/p>\n\n\n\n<p>No campeonato de tiro, na categoria absoluto, o guarda metropolitano Alisson Mateus Costa conquistou o primeiro lugar. A segunda coloca\u00e7\u00e3o ficou com o guarda Gustavo Carvalho Santos, e o terceiro lugar foi alcan\u00e7ado pelo GMP, &nbsp;Ryan Filho Melo.<\/p>\n\n\n\n<p>Tamb\u00e9m foram entregues certificados aos participantes da tradicional Corrida em Pelot\u00e3o de Integra\u00e7\u00e3o &nbsp;das &nbsp;for\u00e7as de seguran\u00e7a, que contou com a presen\u00e7a da Capitania Fluvial do Araguaia-Tocantins da Marinha do Brasil, do 1\u00ba e 6\u00ba Batalh\u00f5es da Pol\u00edcia Militar do Tocantins, da Academia de Forma\u00e7\u00e3o do Corpo de Bombeiros Militar e da Secretaria Municipal de Mobilidade, Planejamento e Desenvolvimento Urbano.<\/p>\n\n\n\n<p>A solenidade reuniu vereadores, secret\u00e1rios municipais, autoridades &nbsp;estaduais e federais, al\u00e9m de familiares dos guardas metropolitanos, marcando a data com reconhecimento institucional e integra\u00e7\u00e3o entre as for\u00e7as de seguran\u00e7a que atuam na capital.<\/p>\n","protected":false},"excerpt":{"rendered":"<p>A solenidade em comemora\u00e7\u00e3o aos 33 anos da Guarda Metropolitana de Palmas (GMP), realizada na tarde desta segunda-feira, 9, no quartel da corpora\u00e7\u00e3o, foi marcada por an\u00fancios administrativos, homenagens e premia\u00e7\u00f5es esportivas. Durante o evento, o prefeito Eduardo Siqueira Campos assinou autoriza\u00e7\u00e3o para que a Secretaria Municipal de Planejamento e Gest\u00e3o elabore e encaminhe \u00e0 [&hellip;]<\/p>\n","protected":false},"author":2,"featured_media":22749,"comment_status":"open","ping_status":"open","sticky":false,"template":"","format":"standard","meta":[],"categories":[3],"tags":[13],"_links":{"self":[{"href":"https:\/\/dgospel.com.br\/portal\/index.php\/wp-json\/wp\/v2\/posts\/22748"}],"collection":[{"href":"https:\/\/dgospel.com.br\/portal\/index.php\/wp-json\/wp\/v2\/posts"}],"about":[{"href":"https:\/\/dgospel.com.br\/portal\/index.php\/wp-json\/wp\/v2\/types\/post"}],"author":[{"embeddable":true,"href":"https:\/\/dgospel.com.br\/portal\/index.php\/wp-json\/wp\/v2\/users\/2"}],"replies":[{"embeddable":true,"href":"https:\/\/dgospel.com.br\/portal\/index.php\/wp-json\/wp\/v2\/comments?post=22748"}],"version-history":[{"count":1,"href":"https:\/\/dgospel.com.br\/portal\/index.php\/wp-json\/wp\/v2\/posts\/22748\/revisions"}],"predecessor-version":[{"id":22750,"href":"https:\/\/dgospel.com.br\/portal\/index.php\/wp-json\/wp\/v2\/posts\/22748\/revisions\/22750"}],"wp:featuredmedia":[{"embeddable":true,"href":"https:\/\/dgospel.com.br\/portal\/index.php\/wp-json\/wp\/v2\/media\/22749"}],"wp:attachment":[{"href":"https:\/\/dgospel.com.br\/portal\/index.php\/wp-json\/wp\/v2\/media?parent=22748"}],"wp:term":[{"taxonomy":"category","embeddable":true,"href":"https:\/\/dgospel.com.br\/portal\/index.php\/wp-json\/wp\/v2\/categories?post=22748"},{"taxonomy":"post_tag","embeddable":true,"href":"https:\/\/dgospel.com.br\/portal\/index.php\/wp-json\/wp\/v2\/tags?post=22748"}],"curies":[{"name":"wp","href":"https:\/\/api.w.org\/{rel}","templated":true}]}}