{"id":22751,"date":"2026-02-10T15:22:58","date_gmt":"2026-02-10T18:22:58","guid":{"rendered":"https:\/\/dgospel.com.br\/portal\/?p=22751"},"modified":"2026-02-10T15:22:59","modified_gmt":"2026-02-10T18:22:59","slug":"prefeitura-de-palmas-orienta-beneficiarios-a-atualizarem-cadastro-do-transporte-coletivo","status":"publish","type":"post","link":"https:\/\/dgospel.com.br\/portal\/index.php\/2026\/02\/10\/prefeitura-de-palmas-orienta-beneficiarios-a-atualizarem-cadastro-do-transporte-coletivo\/","title":{"rendered":"Prefeitura de Palmas orienta benefici\u00e1rios a atualizarem cadastro do transporte coletivo"},"content":{"rendered":"\n<p>Usu\u00e1rios do transporte coletivo de Palmas que possuem benef\u00edcios de gratuidade \u2014 como idosos a partir de 65 anos e pessoas com defici\u00eancia \u2014 ou de tarifa reduzida, no caso dos estudantes, devem realizar a atualiza\u00e7\u00e3o anual do cart\u00e3o. O procedimento \u00e9 feito de forma espec\u00edfica para cada categoria.<\/p>\n\n\n\n<p>Os estudantes dos ensinos fundamental e m\u00e9dio devem renovar o cadastro, anualmente, mediante apresenta\u00e7\u00e3o da declara\u00e7\u00e3o estudantil referente ao ano letivo. J\u00e1 para os estudantes universit\u00e1rios, a renova\u00e7\u00e3o \u00e9 semestral.<br><br>A atualiza\u00e7\u00e3o pode ser feita pelo aplicativo Sou Recargas ou, presencialmente, na sede da Ag\u00eancia de Transporte Coletivo de Palmas (ATCP), de segunda a sexta-feira, das 7 horas \u00e0s 17h30. O acesso ao p\u00fablico ocorre at\u00e9 esse hor\u00e1rio, sendo garantido o atendimento, at\u00e9 as 18 horas, de todas as pessoas que estiverem no local at\u00e9 as 17h30.<\/p>\n\n\n\n<p>Os idosos com 65 anos ou mais devem realizar a renova\u00e7\u00e3o do cart\u00e3o pr\u00f3ximo \u00e0 data de anivers\u00e1rio. Para isso, \u00e9 necess\u00e1rio comparecer ao guich\u00ea da SOU Palmas, na sede da ATCP, apresentar o documento oficial com foto e o cart\u00e3o do transporte coletivo.<\/p>\n\n\n\n<p><strong>Outros beneficiados<\/strong><br>No transporte coletivo de Palmas, pessoas com defici\u00eancia f\u00edsica, pacientes em tratamento no Centro de Aten\u00e7\u00e3o Psicossocial (Caps) e no N\u00facleo de Assist\u00eancia Henfil para HIV (com renda familiar de at\u00e9 dois sal\u00e1rios m\u00ednimos) tamb\u00e9m t\u00eam direito \u00e0 gratuidade do passe livre, de acordo com a Lei Municipal n\u00ba 422, de 13 de julho de 1993.&nbsp;<\/p>\n\n\n\n<p>Para esse p\u00fablico, a atualiza\u00e7\u00e3o tamb\u00e9m ocorre na data de anivers\u00e1rio. O usu\u00e1rio deve comparecer ao atendimento presencial da SOU Palmas, com documento pessoal e, no caso de tratamento, com a documenta\u00e7\u00e3o disponibilizada pela Secretaria Municipal de A\u00e7\u00e3o Social e da Mulher.<\/p>\n\n\n\n<p>A atualiza\u00e7\u00e3o cadastral \u00e9 necess\u00e1ria para garantir a manuten\u00e7\u00e3o dos benef\u00edcios e o uso regular do transporte coletivo na Capital.<\/p>\n","protected":false},"excerpt":{"rendered":"<p>Usu\u00e1rios do transporte coletivo de Palmas que possuem benef\u00edcios de gratuidade \u2014 como idosos a partir de 65 anos e pessoas com defici\u00eancia \u2014 ou de tarifa reduzida, no caso dos estudantes, devem realizar a atualiza\u00e7\u00e3o anual do cart\u00e3o. O procedimento \u00e9 feito de forma espec\u00edfica para cada categoria. Os estudantes dos ensinos fundamental e [&hellip;]<\/p>\n","protected":false},"author":2,"featured_media":22752,"comment_status":"open","ping_status":"open","sticky":false,"template":"","format":"standard","meta":[],"categories":[3],"tags":[13],"_links":{"self":[{"href":"https:\/\/dgospel.com.br\/portal\/index.php\/wp-json\/wp\/v2\/posts\/22751"}],"collection":[{"href":"https:\/\/dgospel.com.br\/portal\/index.php\/wp-json\/wp\/v2\/posts"}],"about":[{"href":"https:\/\/dgospel.com.br\/portal\/index.php\/wp-json\/wp\/v2\/types\/post"}],"author":[{"embeddable":true,"href":"https:\/\/dgospel.com.br\/portal\/index.php\/wp-json\/wp\/v2\/users\/2"}],"replies":[{"embeddable":true,"href":"https:\/\/dgospel.com.br\/portal\/index.php\/wp-json\/wp\/v2\/comments?post=22751"}],"version-history":[{"count":1,"href":"https:\/\/dgospel.com.br\/portal\/index.php\/wp-json\/wp\/v2\/posts\/22751\/revisions"}],"predecessor-version":[{"id":22753,"href":"https:\/\/dgospel.com.br\/portal\/index.php\/wp-json\/wp\/v2\/posts\/22751\/revisions\/22753"}],"wp:featuredmedia":[{"embeddable":true,"href":"https:\/\/dgospel.com.br\/portal\/index.php\/wp-json\/wp\/v2\/media\/22752"}],"wp:attachment":[{"href":"https:\/\/dgospel.com.br\/portal\/index.php\/wp-json\/wp\/v2\/media?parent=22751"}],"wp:term":[{"taxonomy":"category","embeddable":true,"href":"https:\/\/dgospel.com.br\/portal\/index.php\/wp-json\/wp\/v2\/categories?post=22751"},{"taxonomy":"post_tag","embeddable":true,"href":"https:\/\/dgospel.com.br\/portal\/index.php\/wp-json\/wp\/v2\/tags?post=22751"}],"curies":[{"name":"wp","href":"https:\/\/api.w.org\/{rel}","templated":true}]}}