{"id":22754,"date":"2026-02-10T15:26:03","date_gmt":"2026-02-10T18:26:03","guid":{"rendered":"https:\/\/dgospel.com.br\/portal\/?p=22754"},"modified":"2026-02-10T15:26:03","modified_gmt":"2026-02-10T18:26:03","slug":"governo-do-tocantins-e-representado-em-forum-nacional-de-secretarios-de-assistencia-social-em-brasilia","status":"publish","type":"post","link":"https:\/\/dgospel.com.br\/portal\/index.php\/2026\/02\/10\/governo-do-tocantins-e-representado-em-forum-nacional-de-secretarios-de-assistencia-social-em-brasilia\/","title":{"rendered":"Governo do Tocantins \u00e9 representado em F\u00f3rum Nacional de Secret\u00e1rios de Assist\u00eancia Social em Bras\u00edlia"},"content":{"rendered":"\n<p>A secret\u00e1ria do Trabalho e Desenvolvimento Social do Tocantins (Setas), Cleizenir Divina dos Santos, participou, na manh\u00e3 desta ter\u00e7a-feira, 10, em Bras\u00edlia (DF), da primeira reuni\u00e3o de 2026 do F\u00f3rum Nacional de Secret\u00e1rios(as) de Estado da Assist\u00eancia Social (Fonseas). O encontro reuniu gestores de todo o pa\u00eds com o objetivo de apresentar o balan\u00e7o das a\u00e7\u00f5es desenvolvidas em 2025 e alinhar o planejamento estrat\u00e9gico para o pr\u00f3ximo ano.<\/p>\n\n\n\n<p>Durante a reuni\u00e3o, foram debatidas pautas priorit\u00e1rias para o fortalecimento do Sistema \u00danico de Assist\u00eancia Social (SUAS), com destaque para a atualiza\u00e7\u00e3o do prazo da Resolu\u00e7\u00e3o n\u00ba 17\/2024, que trata da execu\u00e7\u00e3o de emendas parlamentares destinadas \u00e0 pol\u00edtica de assist\u00eancia social.<\/p>\n\n\n\n<p>Segundo a secret\u00e1ria Cleizenir Divina, a participa\u00e7\u00e3o no F\u00f3rum \u00e9 fundamental para o alinhamento das a\u00e7\u00f5es entre os estados e o Governo Federal. \u201cO Fonseas \u00e9 um espa\u00e7o estrat\u00e9gico de di\u00e1logo e articula\u00e7\u00e3o pol\u00edtica. Nesta primeira reuni\u00e3o de 2026, foi apresentado um balan\u00e7o e avan\u00e7amos nos planejamentos, com aten\u00e7\u00e3o especial ao que se refere \u00e0s emendas parlamentares\u201d, destacou.<\/p>\n\n\n\n<p>Tamb\u00e9m estiveram na pauta temas como o Programa G\u00e1s do Povo, a atualiza\u00e7\u00e3o do Cadastro \u00danico, conforme a Portaria MDS n\u00ba 1.145\/2025, e a regulamenta\u00e7\u00e3o dos Servi\u00e7os de Institui\u00e7\u00e3o de Longa Perman\u00eancia para Idosos (ILPI), iniciativas consideradas essenciais para ampliar a prote\u00e7\u00e3o social \u00e0s fam\u00edlias em situa\u00e7\u00e3o de vulnerabilidade.<\/p>\n\n\n\n<p><strong>Sobre o Fonseas<\/strong><\/p>\n\n\n\n<p>O F\u00f3rum Nacional de Secret\u00e1rios(as) de Estado da Assist\u00eancia Social \u00e9 a inst\u00e2ncia de articula\u00e7\u00e3o pol\u00edtica que re\u00fane gestores estaduais de todo o Brasil. A entidade atua na defesa e no fortalecimento do SUAS, representando os estados e o Distrito Federal nas pactua\u00e7\u00f5es com o Governo Federal, al\u00e9m de promover a consolida\u00e7\u00e3o de pol\u00edticas p\u00fablicas, a garantia de financiamento adequado e o aprimoramento da gest\u00e3o da assist\u00eancia social no pa\u00eds.<\/p>\n\n\n\n<p><strong>Sugest\u00e3o de legenda<\/strong><\/p>\n\n\n\n<p>Primeira reuni\u00e3o do Fonseas em 2026 tr\u00e1s balan\u00e7o e aborda temas priorit\u00e1rios para assist\u00eancia social.<\/p>\n\n\n\n<p>Secret\u00e1ria da Setas, Cleizenir dos Santos, representou o Tocantins em evento.<\/p>\n","protected":false},"excerpt":{"rendered":"<p>A secret\u00e1ria do Trabalho e Desenvolvimento Social do Tocantins (Setas), Cleizenir Divina dos Santos, participou, na manh\u00e3 desta ter\u00e7a-feira, 10, em Bras\u00edlia (DF), da primeira reuni\u00e3o de 2026 do F\u00f3rum Nacional de Secret\u00e1rios(as) de Estado da Assist\u00eancia Social (Fonseas). O encontro reuniu gestores de todo o pa\u00eds com o objetivo de apresentar o balan\u00e7o das [&hellip;]<\/p>\n","protected":false},"author":2,"featured_media":22755,"comment_status":"open","ping_status":"open","sticky":false,"template":"","format":"standard","meta":[],"categories":[3],"tags":[13],"_links":{"self":[{"href":"https:\/\/dgospel.com.br\/portal\/index.php\/wp-json\/wp\/v2\/posts\/22754"}],"collection":[{"href":"https:\/\/dgospel.com.br\/portal\/index.php\/wp-json\/wp\/v2\/posts"}],"about":[{"href":"https:\/\/dgospel.com.br\/portal\/index.php\/wp-json\/wp\/v2\/types\/post"}],"author":[{"embeddable":true,"href":"https:\/\/dgospel.com.br\/portal\/index.php\/wp-json\/wp\/v2\/users\/2"}],"replies":[{"embeddable":true,"href":"https:\/\/dgospel.com.br\/portal\/index.php\/wp-json\/wp\/v2\/comments?post=22754"}],"version-history":[{"count":1,"href":"https:\/\/dgospel.com.br\/portal\/index.php\/wp-json\/wp\/v2\/posts\/22754\/revisions"}],"predecessor-version":[{"id":22756,"href":"https:\/\/dgospel.com.br\/portal\/index.php\/wp-json\/wp\/v2\/posts\/22754\/revisions\/22756"}],"wp:featuredmedia":[{"embeddable":true,"href":"https:\/\/dgospel.com.br\/portal\/index.php\/wp-json\/wp\/v2\/media\/22755"}],"wp:attachment":[{"href":"https:\/\/dgospel.com.br\/portal\/index.php\/wp-json\/wp\/v2\/media?parent=22754"}],"wp:term":[{"taxonomy":"category","embeddable":true,"href":"https:\/\/dgospel.com.br\/portal\/index.php\/wp-json\/wp\/v2\/categories?post=22754"},{"taxonomy":"post_tag","embeddable":true,"href":"https:\/\/dgospel.com.br\/portal\/index.php\/wp-json\/wp\/v2\/tags?post=22754"}],"curies":[{"name":"wp","href":"https:\/\/api.w.org\/{rel}","templated":true}]}}