{"id":22776,"date":"2026-02-10T20:42:16","date_gmt":"2026-02-10T23:42:16","guid":{"rendered":"https:\/\/dgospel.com.br\/portal\/?p=22776"},"modified":"2026-02-10T20:42:17","modified_gmt":"2026-02-10T23:42:17","slug":"bancada-do-congresso-reage-contra-fala-discriminatoria-de-escritor-e-historiador-esquerdista-sobre-evangelicos","status":"publish","type":"post","link":"https:\/\/dgospel.com.br\/portal\/index.php\/2026\/02\/10\/bancada-do-congresso-reage-contra-fala-discriminatoria-de-escritor-e-historiador-esquerdista-sobre-evangelicos\/","title":{"rendered":"Bancada do Congresso reage contra fala discriminat\u00f3ria de escritor e historiador\u00a0esquerdista sobre evang\u00e9licos"},"content":{"rendered":"\n<p>A Frente Parlamentar Evang\u00e9lica (FPE) do Congresso Nacional emitiu uma nota oficial de rep\u00fadio nesta quarta-feira, 4 de fevereiro, direcionada ao escritor e historiador esquerdista,  Eduardo Bueno, conhecido como Peninha. O motivo foi uma s\u00e9rie de\u00a0<a href=\"https:\/\/noticias.gospelmais.com\/intolerancia-peninha-evangelicos-nao-devem-votar-188222.html\">declara\u00e7\u00f5es do autor<\/a>\u00a0nas quais ele questionou o direito de evang\u00e9licos participarem do processo eleitoral.<\/p>\n\n\n\n<p>No documento, a bancada classifica as falas de Bueno como \u201cofensivas, discriminat\u00f3rias e antidemocr\u00e1ticas\u201d. A FPE argumenta que o posicionamento do escritor atinge milh\u00f5es de cidad\u00e3os com base em sua f\u00e9 e deslegitima o exerc\u00edcio do voto, um direito constitucional fundamental.<\/p>\n\n\n\n<p>A nota fundamenta a cr\u00edtica nos princ\u00edpios da Constitui\u00e7\u00e3o Federal, que assegura igualdade, liberdade religiosa, liberdade de pensamento e o direito ao voto a todos, sem distin\u00e7\u00e3o. A FPE afirma que nenhuma convic\u00e7\u00e3o religiosa pode servir como crit\u00e9rio para exclus\u00e3o pol\u00edtica.<\/p>\n\n\n\n<p>A manifesta\u00e7\u00e3o faz refer\u00eancia direta a falas atribu\u00eddas a Eduardo Bueno, nas quais ele teria dito que evang\u00e9licos \u201cn\u00e3o deveriam votar\u201d, que \u201celegem uma escumalha perigosa e violenta\u201d e que deveriam se restringir ao \u00e2mbito religioso. A FPE identifica o escritor como vinculado \u00e0 extrema-esquerda.<\/p>\n\n\n\n<p>Em contraposi\u00e7\u00e3o, a Frente Parlamentar Evang\u00e9lica defende a legitimidade dos mandatos de parlamentares eleitos com apoio desse segmento religioso, conferidos pelo voto popular. A nota conclui reafirmando o compromisso da bancada com a pluralidade, o respeito e a conviv\u00eancia democr\u00e1tica, e com a defesa do direito de todo cidad\u00e3o participar da vida pol\u00edtica do pa\u00eds.<\/p>\n\n\n\n<p><strong>Contexto e Outras Rea\u00e7\u00f5es<\/strong><\/p>\n\n\n\n<p>A nota da FPE segue uma manifesta\u00e7\u00e3o similar da Uni\u00e3o Nacional das Igrejas e Pastores Evang\u00e9licos (Unigrejas), que na \u00faltima segunda-feira, 2 de fevereiro, tamb\u00e9m repudiou publicamente as declara\u00e7\u00f5es de Eduardo Bueno. A entidade classificou o discurso como ofensivo e discriminat\u00f3rio, afrontando o artigo 14 da Constitui\u00e7\u00e3o, que garante o sufr\u00e1gio universal.<\/p>\n\n\n\n<p>A Unigrejas lembrou que n\u00e3o se trata de um epis\u00f3dio isolado, mencionando que em 2025 o Senado Federal afastou Bueno de seu Conselho Editorial ap\u00f3s outras declara\u00e7\u00f5es amplamente criticadas. A entidade ressaltou ainda que o ordenamento jur\u00eddico brasileiro e tratados internacionais recha\u00e7am manifesta\u00e7\u00f5es que incentivem discrimina\u00e7\u00e3o religiosa. Com:&nbsp;<a href=\"https:\/\/comunhao.com.br\/bancada-evangelica-emite-nota-de-repudio-contra-peninha\/\">Comunh\u00e3o<\/a>.<\/p>\n","protected":false},"excerpt":{"rendered":"<p>A Frente Parlamentar Evang\u00e9lica (FPE) do Congresso Nacional emitiu uma nota oficial de rep\u00fadio nesta quarta-feira, 4 de fevereiro, direcionada ao escritor e historiador esquerdista, Eduardo Bueno, conhecido como Peninha. O motivo foi uma s\u00e9rie de\u00a0declara\u00e7\u00f5es do autor\u00a0nas quais ele questionou o direito de evang\u00e9licos participarem do processo eleitoral. No documento, a bancada classifica as [&hellip;]<\/p>\n","protected":false},"author":2,"featured_media":22777,"comment_status":"open","ping_status":"open","sticky":false,"template":"","format":"standard","meta":[],"categories":[8,12],"tags":[],"_links":{"self":[{"href":"https:\/\/dgospel.com.br\/portal\/index.php\/wp-json\/wp\/v2\/posts\/22776"}],"collection":[{"href":"https:\/\/dgospel.com.br\/portal\/index.php\/wp-json\/wp\/v2\/posts"}],"about":[{"href":"https:\/\/dgospel.com.br\/portal\/index.php\/wp-json\/wp\/v2\/types\/post"}],"author":[{"embeddable":true,"href":"https:\/\/dgospel.com.br\/portal\/index.php\/wp-json\/wp\/v2\/users\/2"}],"replies":[{"embeddable":true,"href":"https:\/\/dgospel.com.br\/portal\/index.php\/wp-json\/wp\/v2\/comments?post=22776"}],"version-history":[{"count":1,"href":"https:\/\/dgospel.com.br\/portal\/index.php\/wp-json\/wp\/v2\/posts\/22776\/revisions"}],"predecessor-version":[{"id":22778,"href":"https:\/\/dgospel.com.br\/portal\/index.php\/wp-json\/wp\/v2\/posts\/22776\/revisions\/22778"}],"wp:featuredmedia":[{"embeddable":true,"href":"https:\/\/dgospel.com.br\/portal\/index.php\/wp-json\/wp\/v2\/media\/22777"}],"wp:attachment":[{"href":"https:\/\/dgospel.com.br\/portal\/index.php\/wp-json\/wp\/v2\/media?parent=22776"}],"wp:term":[{"taxonomy":"category","embeddable":true,"href":"https:\/\/dgospel.com.br\/portal\/index.php\/wp-json\/wp\/v2\/categories?post=22776"},{"taxonomy":"post_tag","embeddable":true,"href":"https:\/\/dgospel.com.br\/portal\/index.php\/wp-json\/wp\/v2\/tags?post=22776"}],"curies":[{"name":"wp","href":"https:\/\/api.w.org\/{rel}","templated":true}]}}