{"id":22779,"date":"2026-02-10T21:02:02","date_gmt":"2026-02-11T00:02:02","guid":{"rendered":"https:\/\/dgospel.com.br\/portal\/?p=22779"},"modified":"2026-02-10T21:02:03","modified_gmt":"2026-02-11T00:02:03","slug":"sobe-para-19-o-numero-de-cristaos-mortos-durante-protestos-no-ira","status":"publish","type":"post","link":"https:\/\/dgospel.com.br\/portal\/index.php\/2026\/02\/10\/sobe-para-19-o-numero-de-cristaos-mortos-durante-protestos-no-ira\/","title":{"rendered":"Sobe para 19 o n\u00famero de crist\u00e3os mortos durante protestos no Ir\u00e3"},"content":{"rendered":"\n<p>O n\u00famero de&nbsp;<a href=\"https:\/\/guiame.com.br\/gospel\/noticias\/pelo-menos-7-cristaos-estao-entre-os-manifestantes-mortos-no-ira.html\"><strong>crist\u00e3os mortos<\/strong><\/a>&nbsp;durante os&nbsp;<a href=\"https:\/\/guiame.com.br\/gospel\/noticias\/cristao-foi-morto-em-protesto-no-ira-enquanto-tentava-recuperar-corpo-de-amigo.html\"><strong>protestos<\/strong><\/a>&nbsp;contra o regime isl\u00e2mico no&nbsp;<a href=\"https:\/\/guiame.com.br\/gospel\/noticias\/cristaos-sofrem-perseguicao-da-guarda-revolucionaria-do-ira-designada-terrorista-pela-ue.html\"><strong>Ir\u00e3<\/strong><\/a>&nbsp;subiu para 19.<\/p>\n\n\n\n<p>Segundo o Article 18, uma organiza\u00e7\u00e3o que monitora a persegui\u00e7\u00e3o, pelo menos 12 crentes foram confirmados entre os milhares de manifestantes assassinados.&nbsp;<\/p>\n\n\n\n<p>O diretor da Article 18, Mansour Borji, afirmou que tamb\u00e9m ouviu falar da morte de pelo menos outros 7 crist\u00e3os entre a comunidade arm\u00eania no pa\u00eds, em entrevista ao Christianity Today.<\/p>\n\n\n\n<p><strong>Corpo desconfigurado e proibi\u00e7\u00e3o de funeral<\/strong><\/p>\n\n\n\n<p>Entre os crist\u00e3os mortos pelas for\u00e7as de seguran\u00e7a, est\u00e1 Zahra Arjomandi, uma m\u00e3e de 51 anos, que deixa dois filhos. Ela foi morta a tiros durante um protesto na ilha de Qeshm, em 8 de janeiro.&nbsp;<\/p>\n\n\n\n<p>Conforme o jornal iraniano Mohabat News, o corpo de Zahra foi mantido por seis dias pelas for\u00e7as de seguran\u00e7a e liberado sob condi\u00e7\u00f5es restritas. A fam\u00edlia foi proibida de realizar o funeral e divulgar informa\u00e7\u00f5es sobre sua morte.<\/p>\n\n\n\n<p>O crist\u00e3o Nader Mohammadi, 35 anos, tamb\u00e9m foi assassinado a tiros em outra manifesta\u00e7\u00e3o no mesmo dia, em Babol.&nbsp;<\/p>\n\n\n\n<p>Ap\u00f3s tr\u00eas dias de busca, a fam\u00edlia encontrou o corpo de Nader desconfigurado em um necrot\u00e9rio. A identifica\u00e7\u00e3o s\u00f3 foi poss\u00edvel por meio de marcas conhecidas em seu corpo. Ele deixa tr\u00eas filhos pequenos.<\/p>\n\n\n\n<p>J\u00e1 o crist\u00e3o Mohsen Rashidi, de 42 anos, foi baleado pelas costas enquanto tentava recuperar o corpo de um amigo morto durante uma manifesta\u00e7\u00e3o na cidade de Baharest\u00e3o, prov\u00edncia de Isfahan, no dia 9 de janeiro.<\/p>\n\n\n\n<p>Sangrando muito, ele foi socorrido por outros manifestantes e levado ao hospital, mas agentes impediram a entrada no pronto-socorro e Mohsen faleceu.<\/p>\n\n\n\n<p><strong>Milhares de manifestantes mortos<\/strong><\/p>\n\n\n\n<p>As manifesta\u00e7\u00f5es contra o regime isl\u00e2mico no Ir\u00e3 foram reprimidas com viol\u00eancia pelo governo.<\/p>\n\n\n\n<p>Segundo o portal iraniano Iran International, mais de 36 mil pessoas foram mortas pelo regime aiatol\u00e1 durante o auge dos protestos no in\u00edcio de janeiro, n\u00fameros semelhantes aos divulgados pela revista Time.<\/p>\n\n\n\n<p>Segundo o ve\u00edculo, a estimativa de mortos na violenta repress\u00e3o ocorrida em 8 e 9 de janeiro foi baseada em dados extensos obtidos a partir de \u201cdocumentos confidenciais, relat\u00f3rios de campo e relatos de profissionais de sa\u00fade, testemunhas e familiares das v\u00edtimas\u201d.<\/p>\n\n\n\n<p>A publica\u00e7\u00e3o afirmou que os n\u00fameros tornam esses assassinatos \u201co massacre mais sangrento de civis durante protestos de rua, em um intervalo de dois dias, na hist\u00f3ria\u201d.<\/p>\n\n\n\n<p>De acordo com o relat\u00f3rio, a maioria dos assassinatos foi cometida pelo Corpo da Guarda Revolucion\u00e1ria Isl\u00e2mica (IRGC) e pela mil\u00edcia aliada Basij, embora tamb\u00e9m tenham sido utilizados combatentes proxies vindos do Iraque e da S\u00edria.<\/p>\n","protected":false},"excerpt":{"rendered":"<p>O n\u00famero de&nbsp;crist\u00e3os mortos&nbsp;durante os&nbsp;protestos&nbsp;contra o regime isl\u00e2mico no&nbsp;Ir\u00e3&nbsp;subiu para 19. Segundo o Article 18, uma organiza\u00e7\u00e3o que monitora a persegui\u00e7\u00e3o, pelo menos 12 crentes foram confirmados entre os milhares de manifestantes assassinados.&nbsp; O diretor da Article 18, Mansour Borji, afirmou que tamb\u00e9m ouviu falar da morte de pelo menos outros 7 crist\u00e3os entre a [&hellip;]<\/p>\n","protected":false},"author":2,"featured_media":22780,"comment_status":"open","ping_status":"open","sticky":false,"template":"","format":"standard","meta":[],"categories":[12,16],"tags":[],"_links":{"self":[{"href":"https:\/\/dgospel.com.br\/portal\/index.php\/wp-json\/wp\/v2\/posts\/22779"}],"collection":[{"href":"https:\/\/dgospel.com.br\/portal\/index.php\/wp-json\/wp\/v2\/posts"}],"about":[{"href":"https:\/\/dgospel.com.br\/portal\/index.php\/wp-json\/wp\/v2\/types\/post"}],"author":[{"embeddable":true,"href":"https:\/\/dgospel.com.br\/portal\/index.php\/wp-json\/wp\/v2\/users\/2"}],"replies":[{"embeddable":true,"href":"https:\/\/dgospel.com.br\/portal\/index.php\/wp-json\/wp\/v2\/comments?post=22779"}],"version-history":[{"count":1,"href":"https:\/\/dgospel.com.br\/portal\/index.php\/wp-json\/wp\/v2\/posts\/22779\/revisions"}],"predecessor-version":[{"id":22781,"href":"https:\/\/dgospel.com.br\/portal\/index.php\/wp-json\/wp\/v2\/posts\/22779\/revisions\/22781"}],"wp:featuredmedia":[{"embeddable":true,"href":"https:\/\/dgospel.com.br\/portal\/index.php\/wp-json\/wp\/v2\/media\/22780"}],"wp:attachment":[{"href":"https:\/\/dgospel.com.br\/portal\/index.php\/wp-json\/wp\/v2\/media?parent=22779"}],"wp:term":[{"taxonomy":"category","embeddable":true,"href":"https:\/\/dgospel.com.br\/portal\/index.php\/wp-json\/wp\/v2\/categories?post=22779"},{"taxonomy":"post_tag","embeddable":true,"href":"https:\/\/dgospel.com.br\/portal\/index.php\/wp-json\/wp\/v2\/tags?post=22779"}],"curies":[{"name":"wp","href":"https:\/\/api.w.org\/{rel}","templated":true}]}}