{"id":22784,"date":"2026-02-12T11:25:42","date_gmt":"2026-02-12T14:25:42","guid":{"rendered":"https:\/\/dgospel.com.br\/portal\/?p=22784"},"modified":"2026-02-12T11:25:43","modified_gmt":"2026-02-12T14:25:43","slug":"transparencia-internacional-acusa-lula-de-falha-grave-em-escandalo-bilionario-do-inss-e-expoe-blindagem-politica","status":"publish","type":"post","link":"https:\/\/dgospel.com.br\/portal\/index.php\/2026\/02\/12\/transparencia-internacional-acusa-lula-de-falha-grave-em-escandalo-bilionario-do-inss-e-expoe-blindagem-politica\/","title":{"rendered":"Transpar\u00eancia Internacional acusa Lula de \u201cfalha grave\u201d em esc\u00e2ndalo bilion\u00e1rio do INSS e exp\u00f5e blindagem pol\u00edtica"},"content":{"rendered":"\n<p>O relat\u00f3rio\u00a0<strong>Retrospectiva Brasil 2025<\/strong>, divulgado nesta ter\u00e7a-feira (10) pela\u00a0<strong>Transpar\u00eancia Internacional<\/strong>, faz uma acusa\u00e7\u00e3o direta ao governo\u00a0<strong>Luiz In\u00e1cio Lula da Silva<\/strong>:\u00a0<strong>o Planalto falhou gravemente<\/strong>\u00a0ao lidar com o maior esquema de corrup\u00e7\u00e3o previdenci\u00e1ria j\u00e1 identificado no pa\u00eds. No mesmo dia, a ONG manteve o Brasil na\u00a0<strong>107\u00aa posi\u00e7\u00e3o<\/strong>\u00a0do ranking mundial de corrup\u00e7\u00e3o \u2014\u00a0<strong>o pior resultado hist\u00f3rico<\/strong>.<\/p>\n\n\n\n<p>Segundo o documento, a resposta do governo&nbsp;<strong>foi lenta, insuficiente e politicamente orientada<\/strong>, apesar da magnitude do rombo causado por&nbsp;<strong>descontos indevidos<\/strong>&nbsp;aplicados a aposentados e pensionistas do&nbsp;<strong>Instituto Nacional do Seguro Social<\/strong>.<\/p>\n\n\n\n<p>A Transpar\u00eancia Internacional cita como exemplo simb\u00f3lico da ina\u00e7\u00e3o a substitui\u00e7\u00e3o do ent\u00e3o ministro da Previd\u00eancia,&nbsp;<strong>Carlos Lupi<\/strong>, por&nbsp;<strong>Wolney Queiroz<\/strong>, que j\u00e1 era secret\u00e1rio-executivo da pasta. Para a ONG, a troca&nbsp;<strong>n\u00e3o representou ruptura<\/strong>, mas&nbsp;<strong>continuidade<\/strong>&nbsp;\u2014 uma solu\u00e7\u00e3o pol\u00edtica para um problema estrutural.<\/p>\n\n\n\n<p>As cr\u00edticas ganham peso diante do esc\u00e2ndalo revelado pela&nbsp;<strong>Pol\u00edcia Federal<\/strong>&nbsp;em abril de 2025, com a&nbsp;<strong>Opera\u00e7\u00e3o Sem Desconto<\/strong>. A investiga\u00e7\u00e3o desvendou um&nbsp;<strong>esquema nacional<\/strong>&nbsp;que operava com&nbsp;<strong>propina a servidores<\/strong>,&nbsp;<strong>assinaturas falsas<\/strong>&nbsp;e&nbsp;<strong>associa\u00e7\u00f5es de fachada<\/strong>&nbsp;controladas por&nbsp;<strong>laranjas<\/strong>.<\/p>\n\n\n\n<p>Essas entidades&nbsp;<strong>cadastravam benefici\u00e1rios sem autoriza\u00e7\u00e3o<\/strong>&nbsp;e passavam a&nbsp;<strong>descontar valores diretamente na folha<\/strong>. Houve casos de&nbsp;<strong>um mesmo aposentado filiado a m\u00faltiplas associa\u00e7\u00f5es no mesmo dia<\/strong>. PF e&nbsp;<strong>Controladoria-Geral da Uni\u00e3o<\/strong>&nbsp;estimam que os&nbsp;<strong>desvios entre 2019 e 2024 podem chegar a R$ 6,3 bilh\u00f5es<\/strong>.<\/p>\n\n\n\n<p>O relat\u00f3rio aponta um fator decisivo para a expans\u00e3o da fraude: a&nbsp;<strong>libera\u00e7\u00e3o de descontos em lote pelo pr\u00f3prio INSS<\/strong>,&nbsp;<strong>sem autoriza\u00e7\u00e3o individual<\/strong>&nbsp;dos benefici\u00e1rios. Para a Transpar\u00eancia, isso evidencia&nbsp;<strong>falhas graves de controle, coordena\u00e7\u00e3o e resposta<\/strong>&nbsp;do governo diante do que classifica como&nbsp;<strong>\u201co maior esquema de corrup\u00e7\u00e3o previdenci\u00e1ria da hist\u00f3ria brasileira\u201d<\/strong>.<\/p>\n\n\n\n<p>No centro das apura\u00e7\u00f5es aparece&nbsp;<strong>Ant\u00f4nio Carlos Camilo Antunes<\/strong>, o&nbsp;<strong>\u201cCareca do INSS\u201d<\/strong>. Investigadores apontam que ele teria&nbsp;<strong>movimentado R$ 24,5 milh\u00f5es em apenas cinco meses<\/strong>, com repasses destinados a&nbsp;<strong>propina para servidores graduados<\/strong>. Em uma transa\u00e7\u00e3o,&nbsp;<strong>R$ 7,5 milh\u00f5es<\/strong>&nbsp;teriam sido enviados a empresas ligadas \u00e0&nbsp;<strong>esposa de um ex-procurador<\/strong>&nbsp;do instituto.<\/p>\n\n\n\n<p>O nome de&nbsp;<strong>F\u00e1bio Lu\u00eds Lula da Silva&nbsp;(Lulinha)<\/strong>&nbsp;surge em trechos da investiga\u00e7\u00e3o como&nbsp;<strong>figura pr\u00f3xima<\/strong>&nbsp;de Careca. Reportagem do&nbsp;<em>Metr\u00f3poles<\/em>&nbsp;revelou que&nbsp;<strong>uma mans\u00e3o alugada por Roberta Luchsinger<\/strong>, s\u00f3cia de Careca,&nbsp;<strong>passou a ser usada com frequ\u00eancia por Lulinha<\/strong>. H\u00e1 ainda registros de&nbsp;<strong>transfer\u00eancia de R$ 1,5 milh\u00e3o<\/strong>&nbsp;a Luchsinger com men\u00e7\u00e3o ao \u201c<strong>filho do rapaz<\/strong>\u201d, al\u00e9m de&nbsp;<strong>viagem conjunta a Portugal<\/strong>&nbsp;em novembro de 2024 e&nbsp;<strong>mesadas de at\u00e9 R$ 300 mil<\/strong>. Apesar das cita\u00e7\u00f5es,&nbsp;<strong>Lulinha n\u00e3o \u00e9 alvo formal<\/strong>&nbsp;da opera\u00e7\u00e3o.<\/p>\n\n\n\n<p>O presidente da&nbsp;<strong>CPMI do INSS<\/strong>,&nbsp;<strong>Carlos Viana<\/strong>, afirmou que Careca buscou&nbsp;<strong>influ\u00eancia pol\u00edtica via o filho do presidente<\/strong>, inclusive para&nbsp;<strong>ampliar contratos com o governo federal<\/strong>, como o fornecimento de&nbsp;<strong>canabidiol ao Minist\u00e9rio da Sa\u00fade<\/strong>.<\/p>\n\n\n\n<p>A&nbsp;<strong>CPMI<\/strong>&nbsp;enfrentou&nbsp;<strong>resist\u00eancia sistem\u00e1tica<\/strong>&nbsp;ao tentar avan\u00e7ar sobre nomes do entorno presidencial. Requerimentos para convocar&nbsp;<strong>Lulinha<\/strong>&nbsp;e&nbsp;<strong>Frei Chico<\/strong>, irm\u00e3o de Lula,&nbsp;<strong>foram rejeitados<\/strong>, apesar de citados na investiga\u00e7\u00e3o. Parlamentares da oposi\u00e7\u00e3o acusam a base governista de&nbsp;<strong>blindagem deliberada<\/strong>&nbsp;para conter as apura\u00e7\u00f5es.<\/p>\n\n\n\n<p>\u201c<strong>\u00c9 uma vergonha<\/strong>&nbsp;que parlamentares sigam cegamente a ordem de blindagem\u201d, afirmou o relator&nbsp;<strong>Alfredo Gaspar<\/strong>. Ele defende&nbsp;<strong>prorroga\u00e7\u00e3o dos trabalhos<\/strong>, hoje previstos para encerrar em&nbsp;<strong>28 de mar\u00e7o<\/strong>, diante da complexidade e do alcance do caso.<\/p>\n","protected":false},"excerpt":{"rendered":"<p>O relat\u00f3rio\u00a0Retrospectiva Brasil 2025, divulgado nesta ter\u00e7a-feira (10) pela\u00a0Transpar\u00eancia Internacional, faz uma acusa\u00e7\u00e3o direta ao governo\u00a0Luiz In\u00e1cio Lula da Silva:\u00a0o Planalto falhou gravemente\u00a0ao lidar com o maior esquema de corrup\u00e7\u00e3o previdenci\u00e1ria j\u00e1 identificado no pa\u00eds. No mesmo dia, a ONG manteve o Brasil na\u00a0107\u00aa posi\u00e7\u00e3o\u00a0do ranking mundial de corrup\u00e7\u00e3o \u2014\u00a0o pior resultado hist\u00f3rico. Segundo o [&hellip;]<\/p>\n","protected":false},"author":2,"featured_media":22785,"comment_status":"open","ping_status":"open","sticky":false,"template":"","format":"standard","meta":[],"categories":[10],"tags":[13],"_links":{"self":[{"href":"https:\/\/dgospel.com.br\/portal\/index.php\/wp-json\/wp\/v2\/posts\/22784"}],"collection":[{"href":"https:\/\/dgospel.com.br\/portal\/index.php\/wp-json\/wp\/v2\/posts"}],"about":[{"href":"https:\/\/dgospel.com.br\/portal\/index.php\/wp-json\/wp\/v2\/types\/post"}],"author":[{"embeddable":true,"href":"https:\/\/dgospel.com.br\/portal\/index.php\/wp-json\/wp\/v2\/users\/2"}],"replies":[{"embeddable":true,"href":"https:\/\/dgospel.com.br\/portal\/index.php\/wp-json\/wp\/v2\/comments?post=22784"}],"version-history":[{"count":1,"href":"https:\/\/dgospel.com.br\/portal\/index.php\/wp-json\/wp\/v2\/posts\/22784\/revisions"}],"predecessor-version":[{"id":22786,"href":"https:\/\/dgospel.com.br\/portal\/index.php\/wp-json\/wp\/v2\/posts\/22784\/revisions\/22786"}],"wp:featuredmedia":[{"embeddable":true,"href":"https:\/\/dgospel.com.br\/portal\/index.php\/wp-json\/wp\/v2\/media\/22785"}],"wp:attachment":[{"href":"https:\/\/dgospel.com.br\/portal\/index.php\/wp-json\/wp\/v2\/media?parent=22784"}],"wp:term":[{"taxonomy":"category","embeddable":true,"href":"https:\/\/dgospel.com.br\/portal\/index.php\/wp-json\/wp\/v2\/categories?post=22784"},{"taxonomy":"post_tag","embeddable":true,"href":"https:\/\/dgospel.com.br\/portal\/index.php\/wp-json\/wp\/v2\/tags?post=22784"}],"curies":[{"name":"wp","href":"https:\/\/api.w.org\/{rel}","templated":true}]}}