{"id":22787,"date":"2026-02-12T16:12:56","date_gmt":"2026-02-12T19:12:56","guid":{"rendered":"https:\/\/dgospel.com.br\/portal\/?p=22787"},"modified":"2026-02-12T16:12:57","modified_gmt":"2026-02-12T19:12:57","slug":"prefeitura-de-palmas-usa-tecnologia-para-atualizar-planta-de-imoveis-da-capital-no-iptu-2026","status":"publish","type":"post","link":"https:\/\/dgospel.com.br\/portal\/index.php\/2026\/02\/12\/prefeitura-de-palmas-usa-tecnologia-para-atualizar-planta-de-imoveis-da-capital-no-iptu-2026\/","title":{"rendered":"Prefeitura de Palmas usa tecnologia para atualizar planta de im\u00f3veis da Capital no IPTU 2026"},"content":{"rendered":"\n<p>A Prefeitura de Palmas est\u00e1 atualizando a planta de im\u00f3veis da Capital utilizando uma tecnologia executada pela primeira vez na cidade. A aerofotogrametria com perfilamento a laser. A inova\u00e7\u00e3o foi aplicada no Imposto Predial e Territorial Urbano (IPTU) 2026, mas n\u00e3o se trata de um aumento no tributo. O servi\u00e7o permitiu a sobreposi\u00e7\u00e3o das imagens atualizadas \u00e0 base cadastral da cidade. Com isso, foram identificadas diverg\u00eancias em alguns im\u00f3veis, especialmente em rela\u00e7\u00e3o \u00e0 \u00e1rea constru\u00edda registrada no cadastro municipal.<\/p>\n\n\n\n<p><br>Desde 2017, o Munic\u00edpio tentava fazer essa atualiza\u00e7\u00e3o, mas o servi\u00e7o s\u00f3 foi contratado em 2023 e executado no ano de 2024. O servi\u00e7o foi realizado em toda a \u00e1rea urbana da Capital, inclusive os distritos. O projeto ainda est\u00e1 em execu\u00e7\u00e3o e parte dos dados j\u00e1 foi entregue. At\u00e9 o momento, foi atualizada integralmente a regi\u00e3o central do Plano Diretor. Conforme a Secretaria Municipal da Fazenda, ap\u00f3s a atualiza\u00e7\u00e3o da informa\u00e7\u00e3o cartogr\u00e1fica da \u00e1rea, foi constatado que 89% dos im\u00f3veis foram ampliados ou modificados. A regi\u00e3o Sul, que inclui Taquaralto e Aurenys, ainda ser\u00e1 contemplada nas pr\u00f3ximas etapas.<\/p>\n\n\n\n<p><br>\u201c\u00c9 uma foto tirada de toda a cidade e a fun\u00e7\u00e3o dela \u00e9 ser sobreposta em cima da planta de valores do Munic\u00edpio. Ent\u00e3o foi isso que n\u00f3s fizemos e hoje temos uma vis\u00e3o atualizada de 2024 de como est\u00e3o os im\u00f3veis. Foi feito tamb\u00e9m o&nbsp;<em>street view<\/em>, que \u00e9 a foto da fachada do im\u00f3vel e serve para ver o uso da edifica\u00e7\u00e3o, comercial ou residencial, al\u00e9m do padr\u00e3o construtivo. Ent\u00e3o isso, somado ao perfilamento a laser, permite que o Munic\u00edpio, de uma maneira muito apurada, tenha no\u00e7\u00f5es de profundidade, tamanho, altura, de todos os im\u00f3veis que n\u00f3s temos no Munic\u00edpio. Essa \u00e9 uma atualiza\u00e7\u00e3o. Para que n\u00f3s fiz\u00e9ssemos isso, ter\u00edamos que contratar muitas pessoas para medir casa por casa. Ent\u00e3o como \u00e9 uma obriga\u00e7\u00e3o fazer, n\u00f3s conseguimos executar esse servi\u00e7o utilizando essa tecnologia e est\u00e1 sendo colocada \u00e0 disposi\u00e7\u00e3o de Palmas e lan\u00e7amos o IPTU 2026 com essa nova ferramenta&#8221;, explicou o secret\u00e1rio municipal da Fazenda, Fabiano Souza.<\/p>\n\n\n\n<p><br>Ainda de acordo com a Secretaria Municipal da Fazenda, essa tecnologia \u00e9 de extrema import\u00e2ncia para as cidades brasileiras, auxiliando no planejamento urbano, atualiza\u00e7\u00e3o cartogr\u00e1fica e aumento da arrecada\u00e7\u00e3o municipal. Esse tipo de mapeamento \u00e9 aplicado principalmente em:<\/p>\n\n\n\n<ul><li>Atualiza\u00e7\u00e3o do Cadastro T\u00e9cnico Multifinalit\u00e1rio (CTM): Identifica\u00e7\u00e3o de novas constru\u00e7\u00f5es;<\/li><li>Planejamento Urbano e Zoneamento;<\/li><li>Regulariza\u00e7\u00e3o Fundi\u00e1ria;<\/li><li>Engenharia e Obras;<\/li><li>Acessibilidade.<br>&nbsp;<\/li><\/ul>\n\n\n\n<p>Outros munic\u00edpios e estados tamb\u00e9m utilizam a mesma tecnologia para investir em moderniza\u00e7\u00e3o ao servi\u00e7o p\u00fablico, tais como Aragua\u00edna (TO), em cidades do Rio de Janeiro (RJ), em S\u00e3o Paulo (SP), pioneira, ainda em 1928.<\/p>\n\n\n\n<p><strong>GeoPalmas<\/strong><\/p>\n\n\n\n<p><br>As informa\u00e7\u00f5es referentes \u00e0 atualiza\u00e7\u00e3o do cadastro imobili\u00e1rio municipal s\u00e3o provenientes do Projeto GeoPalmas, que \u00e9 estruturado em duas fases complementares: a primeira voltada \u00e0 atualiza\u00e7\u00e3o da base cartogr\u00e1fica de refer\u00eancia e a segunda direcionada \u00e0 moderniza\u00e7\u00e3o da gest\u00e3o administrativa e fiscal da Prefeitura de Palmas. O objetivo do projeto \u00e9 disponibilizar informa\u00e7\u00f5es territoriais atualizadas e confi\u00e1veis, al\u00e9m de promover maior efici\u00eancia, dinamismo e qualidade na presta\u00e7\u00e3o de servi\u00e7os ao cidad\u00e3o.<\/p>\n","protected":false},"excerpt":{"rendered":"<p>A Prefeitura de Palmas est\u00e1 atualizando a planta de im\u00f3veis da Capital utilizando uma tecnologia executada pela primeira vez na cidade. A aerofotogrametria com perfilamento a laser. A inova\u00e7\u00e3o foi aplicada no Imposto Predial e Territorial Urbano (IPTU) 2026, mas n\u00e3o se trata de um aumento no tributo. O servi\u00e7o permitiu a sobreposi\u00e7\u00e3o das imagens [&hellip;]<\/p>\n","protected":false},"author":2,"featured_media":22788,"comment_status":"open","ping_status":"open","sticky":false,"template":"","format":"standard","meta":[],"categories":[3],"tags":[13],"_links":{"self":[{"href":"https:\/\/dgospel.com.br\/portal\/index.php\/wp-json\/wp\/v2\/posts\/22787"}],"collection":[{"href":"https:\/\/dgospel.com.br\/portal\/index.php\/wp-json\/wp\/v2\/posts"}],"about":[{"href":"https:\/\/dgospel.com.br\/portal\/index.php\/wp-json\/wp\/v2\/types\/post"}],"author":[{"embeddable":true,"href":"https:\/\/dgospel.com.br\/portal\/index.php\/wp-json\/wp\/v2\/users\/2"}],"replies":[{"embeddable":true,"href":"https:\/\/dgospel.com.br\/portal\/index.php\/wp-json\/wp\/v2\/comments?post=22787"}],"version-history":[{"count":1,"href":"https:\/\/dgospel.com.br\/portal\/index.php\/wp-json\/wp\/v2\/posts\/22787\/revisions"}],"predecessor-version":[{"id":22789,"href":"https:\/\/dgospel.com.br\/portal\/index.php\/wp-json\/wp\/v2\/posts\/22787\/revisions\/22789"}],"wp:featuredmedia":[{"embeddable":true,"href":"https:\/\/dgospel.com.br\/portal\/index.php\/wp-json\/wp\/v2\/media\/22788"}],"wp:attachment":[{"href":"https:\/\/dgospel.com.br\/portal\/index.php\/wp-json\/wp\/v2\/media?parent=22787"}],"wp:term":[{"taxonomy":"category","embeddable":true,"href":"https:\/\/dgospel.com.br\/portal\/index.php\/wp-json\/wp\/v2\/categories?post=22787"},{"taxonomy":"post_tag","embeddable":true,"href":"https:\/\/dgospel.com.br\/portal\/index.php\/wp-json\/wp\/v2\/tags?post=22787"}],"curies":[{"name":"wp","href":"https:\/\/api.w.org\/{rel}","templated":true}]}}