{"id":22790,"date":"2026-02-13T15:06:35","date_gmt":"2026-02-13T18:06:35","guid":{"rendered":"https:\/\/dgospel.com.br\/portal\/?p=22790"},"modified":"2026-02-13T15:06:35","modified_gmt":"2026-02-13T18:06:35","slug":"mobilizacao-contra-trabalho-infantil-sera-realizada-durante-palmas-capital-da-fe-2026","status":"publish","type":"post","link":"https:\/\/dgospel.com.br\/portal\/index.php\/2026\/02\/13\/mobilizacao-contra-trabalho-infantil-sera-realizada-durante-palmas-capital-da-fe-2026\/","title":{"rendered":"Mobiliza\u00e7\u00e3o contra trabalho infantil ser\u00e1 realizada durante Palmas Capital da F\u00e9 2026"},"content":{"rendered":"\n<p>A Prefeitura de Palmas, por meio da Secretaria Municipal de A\u00e7\u00e3o Social e da Mulher (Semasmu), participa neste s\u00e1bado, 14, da abertura do evento Palmas Capital da F\u00e9, com a campanha de enfrentamento ao trabalho infantil \u2018Pule, Brinque e Cuide\u2019, unidos pela prote\u00e7\u00e3o de crian\u00e7as e adolescentes. A a\u00e7\u00e3o integra as a\u00e7\u00f5es estrat\u00e9gicas do Programa de Erradica\u00e7\u00e3o do Trabalho Infantil (Aepeti).<\/p>\n\n\n\n<p>O objetivo da campanha \u00e9 prevenir e combater o trabalho infantil, com aten\u00e7\u00e3o especial \u00e0s suas piores formas, refor\u00e7ando que essa pr\u00e1tica \u00e9 proibida pela legisla\u00e7\u00e3o brasileira. \u201cDurante o Capital da F\u00e9, as equipes far\u00e3o a\u00e7\u00f5es de conscientiza\u00e7\u00e3o e orienta\u00e7\u00e3o para garantir a prote\u00e7\u00e3o de crian\u00e7as e adolescentes para n\u00e3o serem submetidas ao trabalho infantil e outras situa\u00e7\u00f5es de risco, como explora\u00e7\u00e3o sexual, viol\u00eancia, consumo de \u00e1lcool e cigarro, e trabalho em hor\u00e1rios inadequados, assegurando a seguran\u00e7a dessas crian\u00e7as durante o evento\u201d, explicou a superintendente de Prote\u00e7\u00e3o Social Especial, Marlucy Albuquerque.<\/p>\n\n\n\n<p>Abordagens Educativas<\/p>\n\n\n\n<p>Em 2025, foram realizadas 21 abordagens de conscientiza\u00e7\u00e3o em pontos tur\u00edsticos e eventos culturais da Capital, com o objetivo de informar a popula\u00e7\u00e3o sobre os riscos do trabalho infantil. As equipes das A\u00e7\u00f5es Estrat\u00e9gicas do Programa de Erradica\u00e7\u00e3o do Trabalho Infantil orientaram comerciantes e moradores da cidade sobre a import\u00e2ncia do cuidado e da prote\u00e7\u00e3o das crian\u00e7as.<\/p>\n\n\n\n<p>Den\u00fancias<\/p>\n\n\n\n<p>Ao presenciar uma situa\u00e7\u00e3o de trabalho infantil, o cidad\u00e3o pode denunciar pelo Disque 100, \u00e0 Delegacia Regional do Trabalho, \u00e0 Secretaria Municipal de A\u00e7\u00e3o Social e da Mulher, ao Minist\u00e9rio P\u00fablico do Trabalho ou ao Conselho Tutelar, pelos seguintes contatos:<\/p>\n\n\n\n<p>Regi\u00e3o norte: 63 3212-7148<\/p>\n\n\n\n<p>Regi\u00e3o central: 63 3212-7149<\/p>\n\n\n\n<p>Regi\u00e3o sul I: 63 3212-7146<\/p>\n\n\n\n<p>Regi\u00e3o sul II : 63 3212-7147<\/p>\n","protected":false},"excerpt":{"rendered":"<p>A Prefeitura de Palmas, por meio da Secretaria Municipal de A\u00e7\u00e3o Social e da Mulher (Semasmu), participa neste s\u00e1bado, 14, da abertura do evento Palmas Capital da F\u00e9, com a campanha de enfrentamento ao trabalho infantil \u2018Pule, Brinque e Cuide\u2019, unidos pela prote\u00e7\u00e3o de crian\u00e7as e adolescentes. A a\u00e7\u00e3o integra as a\u00e7\u00f5es estrat\u00e9gicas do Programa [&hellip;]<\/p>\n","protected":false},"author":2,"featured_media":22791,"comment_status":"open","ping_status":"open","sticky":false,"template":"","format":"standard","meta":[],"categories":[3],"tags":[13],"_links":{"self":[{"href":"https:\/\/dgospel.com.br\/portal\/index.php\/wp-json\/wp\/v2\/posts\/22790"}],"collection":[{"href":"https:\/\/dgospel.com.br\/portal\/index.php\/wp-json\/wp\/v2\/posts"}],"about":[{"href":"https:\/\/dgospel.com.br\/portal\/index.php\/wp-json\/wp\/v2\/types\/post"}],"author":[{"embeddable":true,"href":"https:\/\/dgospel.com.br\/portal\/index.php\/wp-json\/wp\/v2\/users\/2"}],"replies":[{"embeddable":true,"href":"https:\/\/dgospel.com.br\/portal\/index.php\/wp-json\/wp\/v2\/comments?post=22790"}],"version-history":[{"count":1,"href":"https:\/\/dgospel.com.br\/portal\/index.php\/wp-json\/wp\/v2\/posts\/22790\/revisions"}],"predecessor-version":[{"id":22792,"href":"https:\/\/dgospel.com.br\/portal\/index.php\/wp-json\/wp\/v2\/posts\/22790\/revisions\/22792"}],"wp:featuredmedia":[{"embeddable":true,"href":"https:\/\/dgospel.com.br\/portal\/index.php\/wp-json\/wp\/v2\/media\/22791"}],"wp:attachment":[{"href":"https:\/\/dgospel.com.br\/portal\/index.php\/wp-json\/wp\/v2\/media?parent=22790"}],"wp:term":[{"taxonomy":"category","embeddable":true,"href":"https:\/\/dgospel.com.br\/portal\/index.php\/wp-json\/wp\/v2\/categories?post=22790"},{"taxonomy":"post_tag","embeddable":true,"href":"https:\/\/dgospel.com.br\/portal\/index.php\/wp-json\/wp\/v2\/tags?post=22790"}],"curies":[{"name":"wp","href":"https:\/\/api.w.org\/{rel}","templated":true}]}}