{"id":22793,"date":"2026-02-13T15:09:18","date_gmt":"2026-02-13T18:09:18","guid":{"rendered":"https:\/\/dgospel.com.br\/portal\/?p=22793"},"modified":"2026-02-13T15:09:18","modified_gmt":"2026-02-13T18:09:18","slug":"prefeitura-de-palmas-reforca-seguranca-viaria-durante-o-periodo-de-carnaval","status":"publish","type":"post","link":"https:\/\/dgospel.com.br\/portal\/index.php\/2026\/02\/13\/prefeitura-de-palmas-reforca-seguranca-viaria-durante-o-periodo-de-carnaval\/","title":{"rendered":"Prefeitura de Palmas refor\u00e7a seguran\u00e7a vi\u00e1ria durante o per\u00edodo de Carnaval"},"content":{"rendered":"\n<p>A Prefeitura de Palmas, por meio da Secretaria de Mobilidade, Planejamento e Desenvolvimento Urbano (Sempdu), promover\u00e1 a\u00e7\u00f5es integradas com as for\u00e7as de seguran\u00e7a p\u00fablica durante o feriado de Carnaval. As atividades t\u00eam como objetivo assegurar a prote\u00e7\u00e3o de pedestres e condutores, al\u00e9m de garantir a fluidez do tr\u00e2nsito e contribuir para a seguran\u00e7a da popula\u00e7\u00e3o ao longo de todos os dias de folia.<\/p>\n\n\n\n<p>De acordo com o superintendente de Seguran\u00e7a Vi\u00e1ria de Palmas, Hugle Carneiro, as a\u00e7\u00f5es ter\u00e3o car\u00e1ter preventivo, ostensivo e, quando necess\u00e1rio, corretivo, \u201cpara que todos possam aproveitar o Carnaval com seguran\u00e7a e tranquilidade.\u201d<\/p>\n\n\n\n<p><strong>Seguran\u00e7a vi\u00e1ria<\/strong><\/p>\n\n\n\n<p>Os agentes de tr\u00e2nsito realizar\u00e3o patrulhamento vi\u00e1rio entre s\u00e1bado, 14, e segunda-feira, 16, no Distrito de Taquaru\u00e7u, e de s\u00e1bado, 14, a ter\u00e7a-feira, 17, no evento Capital da F\u00e9, que acontece no estacionamento do Est\u00e1dio Nilton Santos.<\/p>\n\n\n\n<p>Na sexta-feira, 13, e no domingo, 15, durante o per\u00edodo noturno, os agentes tamb\u00e9m estar\u00e3o nas imedia\u00e7\u00f5es da Pra\u00e7a dos Girass\u00f3is, onde ocorre o Carna Pra\u00e7a, com o objetivo de evitar reten\u00e7\u00f5es de ve\u00edculos e outros transtornos.<\/p>\n\n\n\n<p>Al\u00e9m do patrulhamento, ser\u00e3o executadas a\u00e7\u00f5es voltadas \u00e0 fluidez no tr\u00e2nsito, como o controle de tr\u00e1fego e a ordena\u00e7\u00e3o das faixas de pedestres, do atendimento a poss\u00edveis acidentes. Motoristas e motociclistas ser\u00e3o submetidos ao teste do baf\u00f4metro e, se flagrados sob efeito de \u00e1lcool, estar\u00e3o sujeitos \u00e0s penalidades previstas para infra\u00e7\u00e3o grav\u00edssima.<\/p>\n\n\n\n<p>Uma recomenda\u00e7\u00e3o das equipes de seguran\u00e7a para quem for transitar de carro ou moto durante o feriad\u00e3o \u00e9 levar o chamado \u201camigo da vez\u201d: aquela pessoa respons\u00e1vel por conduzir o ve\u00edculo e que, por isso, n\u00e3o&nbsp;consumir\u00e1&nbsp;bebidas alco\u00f3licas.<\/p>\n","protected":false},"excerpt":{"rendered":"<p>A Prefeitura de Palmas, por meio da Secretaria de Mobilidade, Planejamento e Desenvolvimento Urbano (Sempdu), promover\u00e1 a\u00e7\u00f5es integradas com as for\u00e7as de seguran\u00e7a p\u00fablica durante o feriado de Carnaval. As atividades t\u00eam como objetivo assegurar a prote\u00e7\u00e3o de pedestres e condutores, al\u00e9m de garantir a fluidez do tr\u00e2nsito e contribuir para a seguran\u00e7a da popula\u00e7\u00e3o [&hellip;]<\/p>\n","protected":false},"author":2,"featured_media":22794,"comment_status":"open","ping_status":"open","sticky":false,"template":"","format":"standard","meta":[],"categories":[3],"tags":[13],"_links":{"self":[{"href":"https:\/\/dgospel.com.br\/portal\/index.php\/wp-json\/wp\/v2\/posts\/22793"}],"collection":[{"href":"https:\/\/dgospel.com.br\/portal\/index.php\/wp-json\/wp\/v2\/posts"}],"about":[{"href":"https:\/\/dgospel.com.br\/portal\/index.php\/wp-json\/wp\/v2\/types\/post"}],"author":[{"embeddable":true,"href":"https:\/\/dgospel.com.br\/portal\/index.php\/wp-json\/wp\/v2\/users\/2"}],"replies":[{"embeddable":true,"href":"https:\/\/dgospel.com.br\/portal\/index.php\/wp-json\/wp\/v2\/comments?post=22793"}],"version-history":[{"count":1,"href":"https:\/\/dgospel.com.br\/portal\/index.php\/wp-json\/wp\/v2\/posts\/22793\/revisions"}],"predecessor-version":[{"id":22795,"href":"https:\/\/dgospel.com.br\/portal\/index.php\/wp-json\/wp\/v2\/posts\/22793\/revisions\/22795"}],"wp:featuredmedia":[{"embeddable":true,"href":"https:\/\/dgospel.com.br\/portal\/index.php\/wp-json\/wp\/v2\/media\/22794"}],"wp:attachment":[{"href":"https:\/\/dgospel.com.br\/portal\/index.php\/wp-json\/wp\/v2\/media?parent=22793"}],"wp:term":[{"taxonomy":"category","embeddable":true,"href":"https:\/\/dgospel.com.br\/portal\/index.php\/wp-json\/wp\/v2\/categories?post=22793"},{"taxonomy":"post_tag","embeddable":true,"href":"https:\/\/dgospel.com.br\/portal\/index.php\/wp-json\/wp\/v2\/tags?post=22793"}],"curies":[{"name":"wp","href":"https:\/\/api.w.org\/{rel}","templated":true}]}}