{"id":22796,"date":"2026-02-13T15:15:05","date_gmt":"2026-02-13T18:15:05","guid":{"rendered":"https:\/\/dgospel.com.br\/portal\/?p=22796"},"modified":"2026-02-13T15:15:06","modified_gmt":"2026-02-13T18:15:06","slug":"palmas-capital-da-fe-espera-reunir-milhares-de-pessoas-a-partir-deste-sabado-14","status":"publish","type":"post","link":"https:\/\/dgospel.com.br\/portal\/index.php\/2026\/02\/13\/palmas-capital-da-fe-espera-reunir-milhares-de-pessoas-a-partir-deste-sabado-14\/","title":{"rendered":"Palmas Capital da F\u00e9 espera reunir milhares de pessoas a partir deste s\u00e1bado, 14"},"content":{"rendered":"\n<p>Come\u00e7a neste s\u00e1bado, 14, a partir das 19 horas, no estacionamento do Est\u00e1dio Nilton Santos, o 10\u00ba Palmas Capital da F\u00e9. O evento, com entrada totalmente gratuita, tem a expectativa de reunir milhares de pessoas ao longo das quatro noites de programa\u00e7\u00e3o, com grandes nomes da m\u00fasica crist\u00e3. Realizada pela Prefeitura de Palmas, por meio da Secretaria Municipal de Turismo, Juventude e Esportes, a programa\u00e7\u00e3o segue at\u00e9 a ter\u00e7a-feira, 17.<\/p>\n\n\n\n<p>Para garantir mais agilidade nas transi\u00e7\u00f5es entre as apresenta\u00e7\u00f5es, a estrutura montada conta com palco duplo, al\u00e9m de uma passarela que aproxima os artistas do p\u00fablico. Um tablado central com DJ manter\u00e1 a anima\u00e7\u00e3o durante os intervalos. O evento contar\u00e1 ainda com \u00e1reas cobertas, espa\u00e7o para lojinhas de produtos religiosos, \u00e1rea gastron\u00f4mica, estacionamento e toda a infraestrutura necess\u00e1ria para receber fam\u00edlias palmenses e caravanas de outras cidades.<\/p>\n\n\n\n<p>A secret\u00e1ria municipal de Turismo, Juventude e Esportes, Ana Paula Setti Nogueira, destaca que o Palmas Capital da F\u00e9 consolida-se como um dos maiores eventos crist\u00e3os da regi\u00e3o Norte. \u201c\u00c9 um evento que fortalece a f\u00e9, promove a uni\u00e3o das fam\u00edlias e tamb\u00e9m movimenta a economia local. Pensamos em uma estrutura acolhedora, segura e organizada para que todos possam vivenciar momentos de louvor, adora\u00e7\u00e3o e comunh\u00e3o\u201d, afirmou.<\/p>\n\n\n\n<p><strong>Programa\u00e7\u00e3o<br><\/strong><br>A programa\u00e7\u00e3o do Palmas Capital da F\u00e9 foi elaborada para contemplar diferentes vertentes da m\u00fasica crist\u00e3. Neste s\u00e1bado, 14, abrem a programa\u00e7\u00e3o os cantores cat\u00f3licos Juninho Cassimiro e Guilherme S\u00e1, seguidos por Valesca Mayssa, representante da m\u00fasica pentecostal, e Jullyani Souza, com estilo worship.<\/p>\n\n\n\n<p>No domingo, 15, se apresentam a Turma do Padre Dudu, Lis Avancini, F\u00e1tima Souza e o cantor Luciano Camargo. Na segunda-feira, 16, as atra\u00e7\u00f5es s\u00e3o voltadas ao p\u00fablico cat\u00f3lico, com Padre F\u00e1bio de Melo, a dupla Ramon e Rafael e William Sanfona.<\/p>\n\n\n\n<p>J\u00e1 na ter\u00e7a-feira, 17, o p\u00fablico evang\u00e9lico celebra a f\u00e9 crist\u00e3 com Daniel e Samuel, Isadora Pompeo, Thalles Roberto e Sandro Nazireu, al\u00e9m dos cantores regionais Moyses Di Carvalho e Alex Santos. Em todas as noites, entre os intervalos de shows, a DJ Pescadora assume o palco e mant\u00e9m o clima da festa crist\u00e3.<\/p>\n\n\n\n<p><strong>Espa\u00e7o Infantil<br><\/strong><br>Al\u00e9m de muita m\u00fasica, a estrutura montada tamb\u00e9m conta com espa\u00e7o especial para as crian\u00e7as. Um parque de divers\u00f5es acolher\u00e1 p\u00fablicos de todas as idades, ampliando as op\u00e7\u00f5es de lazer e transformando o espa\u00e7o em um ambiente ainda mais familiar.<\/p>\n\n\n\n<p>O parque funcionar\u00e1 todos os dias a partir das 17 horas e seguir\u00e1 aberto at\u00e9 o encerramento do \u00faltimo show de cada noite. A proposta \u00e9 que o p\u00fablico possa chegar mais cedo, aproveitar as atra\u00e7\u00f5es e, depois, curtir a programa\u00e7\u00e3o principal do evento.<\/p>\n\n\n\n<p>Entre os brinquedos confirmados est\u00e3o pula-pula, brinquedos infl\u00e1veis, carrinho bate-bate e roda-gigante, al\u00e9m de outras op\u00e7\u00f5es voltadas para diferentes faixas et\u00e1rias. Todos os brinquedos contar\u00e3o com monitores, refor\u00e7ando a seguran\u00e7a e a organiza\u00e7\u00e3o do espa\u00e7o. A m\u00e9dia de pre\u00e7o ser\u00e1 de R$ 10 por brinquedo.<\/p>\n","protected":false},"excerpt":{"rendered":"<p>Come\u00e7a neste s\u00e1bado, 14, a partir das 19 horas, no estacionamento do Est\u00e1dio Nilton Santos, o 10\u00ba Palmas Capital da F\u00e9. O evento, com entrada totalmente gratuita, tem a expectativa de reunir milhares de pessoas ao longo das quatro noites de programa\u00e7\u00e3o, com grandes nomes da m\u00fasica crist\u00e3. Realizada pela Prefeitura de Palmas, por meio [&hellip;]<\/p>\n","protected":false},"author":2,"featured_media":22797,"comment_status":"open","ping_status":"open","sticky":false,"template":"","format":"standard","meta":[],"categories":[5],"tags":[],"_links":{"self":[{"href":"https:\/\/dgospel.com.br\/portal\/index.php\/wp-json\/wp\/v2\/posts\/22796"}],"collection":[{"href":"https:\/\/dgospel.com.br\/portal\/index.php\/wp-json\/wp\/v2\/posts"}],"about":[{"href":"https:\/\/dgospel.com.br\/portal\/index.php\/wp-json\/wp\/v2\/types\/post"}],"author":[{"embeddable":true,"href":"https:\/\/dgospel.com.br\/portal\/index.php\/wp-json\/wp\/v2\/users\/2"}],"replies":[{"embeddable":true,"href":"https:\/\/dgospel.com.br\/portal\/index.php\/wp-json\/wp\/v2\/comments?post=22796"}],"version-history":[{"count":1,"href":"https:\/\/dgospel.com.br\/portal\/index.php\/wp-json\/wp\/v2\/posts\/22796\/revisions"}],"predecessor-version":[{"id":22798,"href":"https:\/\/dgospel.com.br\/portal\/index.php\/wp-json\/wp\/v2\/posts\/22796\/revisions\/22798"}],"wp:featuredmedia":[{"embeddable":true,"href":"https:\/\/dgospel.com.br\/portal\/index.php\/wp-json\/wp\/v2\/media\/22797"}],"wp:attachment":[{"href":"https:\/\/dgospel.com.br\/portal\/index.php\/wp-json\/wp\/v2\/media?parent=22796"}],"wp:term":[{"taxonomy":"category","embeddable":true,"href":"https:\/\/dgospel.com.br\/portal\/index.php\/wp-json\/wp\/v2\/categories?post=22796"},{"taxonomy":"post_tag","embeddable":true,"href":"https:\/\/dgospel.com.br\/portal\/index.php\/wp-json\/wp\/v2\/tags?post=22796"}],"curies":[{"name":"wp","href":"https:\/\/api.w.org\/{rel}","templated":true}]}}