{"id":22802,"date":"2026-02-13T15:55:31","date_gmt":"2026-02-13T18:55:31","guid":{"rendered":"https:\/\/dgospel.com.br\/portal\/?p=22802"},"modified":"2026-02-13T15:55:31","modified_gmt":"2026-02-13T18:55:31","slug":"governo-preve-deficit-de-r-1074-bilhoes-para-estatais-em-2026","status":"publish","type":"post","link":"https:\/\/dgospel.com.br\/portal\/index.php\/2026\/02\/13\/governo-preve-deficit-de-r-1074-bilhoes-para-estatais-em-2026\/","title":{"rendered":"Governo prev\u00ea d\u00e9ficit de R$ 1,074 bilh\u00f5es para estatais em 2026"},"content":{"rendered":"\n<p>O governo federal estima que as empresas estatais federais v\u00e3o fechar 2026 com d\u00e9ficit prim\u00e1rio de R$ 1,074 bilh\u00e3o. A previs\u00e3o indica cumprimento da meta do setor, de d\u00e9ficit de R$ 6,752 bilh\u00f5es. A proje\u00e7\u00e3o foi divulgada nesta quinta-feira (12), no primeiro decreto de programa\u00e7\u00e3o or\u00e7ament\u00e1ria e financeira do ano.<\/p>\n\n\n\n<p>O cumprimento da meta s\u00f3 vai ser poss\u00edvel porque est\u00e3o exclu\u00eddas do alvo despesas de at\u00e9 R$ 10 bilh\u00f5es para empresas estatais que \u201cpossuam plano de reequil\u00edbrio econ\u00f4mico-financeiro.\u201d<\/p>\n\n\n\n<p>Essa cl\u00e1usula foi inclu\u00edda na Lei de Diretrizes Or\u00e7ament\u00e1rias (LDO) por iniciativa do governo, devido \u00e0 crise econ\u00f4mica que atinge os Correios.<\/p>\n\n\n\n<p>No ano passado, a empresa tomou um empr\u00e9stimo de R$ 12 bilh\u00f5es com garantia da Uni\u00e3o de um cons\u00f3rcio de bancos. S\u00f3 R$ 10 bilh\u00f5es foram pagos at\u00e9 o fim de 2025. Segundo as estimativas do decreto, os Correios devem fechar 2026 com um d\u00e9ficit prim\u00e1rio de R$ 8,261 bilh\u00f5es. No ano passado, at\u00e9 setembro, a empresa tinha um preju\u00edzo de mais de R$ 6 bilh\u00f5es.<\/p>\n\n\n\n<p>Sem a exclus\u00e3o dos R$ 10 bilh\u00f5es em despesas dos Correios com o seu plano de recupera\u00e7\u00e3o da meta, as empresas estatais teriam um d\u00e9ficit prim\u00e1rio de R$ 11,074 bilh\u00f5es, segundo as proje\u00e7\u00f5es do governo. Tudo mais constante, isso exigiria que o Executivo compensasse o rombo por meio do Or\u00e7amento fiscal, reduzindo o espa\u00e7o para gastos p\u00fablicos.<\/p>\n\n\n\n<p>Al\u00e9m da recupera\u00e7\u00e3o dos Correios, tamb\u00e9m s\u00e3o exclu\u00eddas da meta das estatais federais as despesas com o Novo Programa de Acelera\u00e7\u00e3o do Crescimento (PAC). Segundo as proje\u00e7\u00f5es, elas devem somar R$ 4,234 bilh\u00f5es este ano.<\/p>\n\n\n\n<p>A expectativa do governo \u00e9 que o resultado prim\u00e1rio das empresas estatais seja positivo em R$ 5,973 bilh\u00f5es de janeiro a abril, considerando todas as despesas n\u00e3o contabilizadas para fins de c\u00e1lculo da meta. De janeiro a agosto, a expectativa \u00e9 que o resultado seja positivo em R$ 8,139 bilh\u00f5es.<\/p>\n\n\n\n<p><strong>EMPRESAS<\/strong><br>O decreto aponta que a Empresa Gerencial de Projetos Navais (Emgepron) deve ter o resultado mais negativo de 2026, com um d\u00e9ficit prim\u00e1rio de R$ 17,797 bilh\u00f5es. Em seguida, aparecem a Empresa Brasileira de Hemoderivados e Biotecnologia (Hemobras), com d\u00e9ficit de R$ 8,591 bilh\u00f5es, e os Correios.<\/p>\n\n\n\n<p>Completam a lista: Empresa Brasileira de Infraestrutura Aeroportu\u00e1ria (Infraero), com d\u00e9ficit prim\u00e1rio previsto de R$ 4,360 bilh\u00f5es; Serpro, com rombo estimado em R$ 3,564 bilh\u00f5es; a Autoridade Portu\u00e1ria de Santos, com d\u00e9ficit projetado em R$ 2,421 bilh\u00f5es; e a Companhia de Docas do Par\u00e1, que deve registrar resultado negativo de R$ 2,106 bilh\u00f5es.<\/p>\n\n\n\n<p>*AE<\/p>\n","protected":false},"excerpt":{"rendered":"<p>O governo federal estima que as empresas estatais federais v\u00e3o fechar 2026 com d\u00e9ficit prim\u00e1rio de R$ 1,074 bilh\u00e3o. A previs\u00e3o indica cumprimento da meta do setor, de d\u00e9ficit de R$ 6,752 bilh\u00f5es. A proje\u00e7\u00e3o foi divulgada nesta quinta-feira (12), no primeiro decreto de programa\u00e7\u00e3o or\u00e7ament\u00e1ria e financeira do ano. O cumprimento da meta s\u00f3 [&hellip;]<\/p>\n","protected":false},"author":2,"featured_media":22803,"comment_status":"open","ping_status":"open","sticky":false,"template":"","format":"standard","meta":[],"categories":[10],"tags":[],"_links":{"self":[{"href":"https:\/\/dgospel.com.br\/portal\/index.php\/wp-json\/wp\/v2\/posts\/22802"}],"collection":[{"href":"https:\/\/dgospel.com.br\/portal\/index.php\/wp-json\/wp\/v2\/posts"}],"about":[{"href":"https:\/\/dgospel.com.br\/portal\/index.php\/wp-json\/wp\/v2\/types\/post"}],"author":[{"embeddable":true,"href":"https:\/\/dgospel.com.br\/portal\/index.php\/wp-json\/wp\/v2\/users\/2"}],"replies":[{"embeddable":true,"href":"https:\/\/dgospel.com.br\/portal\/index.php\/wp-json\/wp\/v2\/comments?post=22802"}],"version-history":[{"count":1,"href":"https:\/\/dgospel.com.br\/portal\/index.php\/wp-json\/wp\/v2\/posts\/22802\/revisions"}],"predecessor-version":[{"id":22804,"href":"https:\/\/dgospel.com.br\/portal\/index.php\/wp-json\/wp\/v2\/posts\/22802\/revisions\/22804"}],"wp:featuredmedia":[{"embeddable":true,"href":"https:\/\/dgospel.com.br\/portal\/index.php\/wp-json\/wp\/v2\/media\/22803"}],"wp:attachment":[{"href":"https:\/\/dgospel.com.br\/portal\/index.php\/wp-json\/wp\/v2\/media?parent=22802"}],"wp:term":[{"taxonomy":"category","embeddable":true,"href":"https:\/\/dgospel.com.br\/portal\/index.php\/wp-json\/wp\/v2\/categories?post=22802"},{"taxonomy":"post_tag","embeddable":true,"href":"https:\/\/dgospel.com.br\/portal\/index.php\/wp-json\/wp\/v2\/tags?post=22802"}],"curies":[{"name":"wp","href":"https:\/\/api.w.org\/{rel}","templated":true}]}}