{"id":22805,"date":"2026-02-14T15:19:59","date_gmt":"2026-02-14T18:19:59","guid":{"rendered":"https:\/\/dgospel.com.br\/portal\/?p=22805"},"modified":"2026-02-14T15:20:00","modified_gmt":"2026-02-14T18:20:00","slug":"luciano-camargo-se-apresenta-no-10o-palmas-capital-da-fe-neste-domingo-15","status":"publish","type":"post","link":"https:\/\/dgospel.com.br\/portal\/index.php\/2026\/02\/14\/luciano-camargo-se-apresenta-no-10o-palmas-capital-da-fe-neste-domingo-15\/","title":{"rendered":"Luciano Camargo se apresenta no 10\u00ba Palmas Capital da F\u00e9 neste domingo, 15"},"content":{"rendered":"\n<p>O 10\u00ba Palmas Capital da F\u00e9 continua neste domingo, 15, no estacionamento do Est\u00e1dio Nilton Santos, reunindo milhares de fi\u00e9is em mais uma noite de louvor e celebra\u00e7\u00e3o. A programa\u00e7\u00e3o, a partir das 20 horas, reunir\u00e1 Turma do Padre Dudu, Lis Avancini, F\u00e1tima Souza e a atra\u00e7\u00e3o mais aguardada da noite, o cantor Luciano Camargo, Conhecido por sua trajet\u00f3ria de sucesso na m\u00fasica brasileira e que atualmente desenvolve projeto dedicado ao segmento gospel.<\/p>\n\n\n\n<p>Nos intervalos e no encerramento da noite, a DJ Pescadora assume o palco e mant\u00e9m o clima da festa crist\u00e3. Realizado pela Prefeitura de Palmas, por meio da Secretaria Municipal de Turismo, Juventude e Esportes, o evento tem entrada gratuita e integra a programa\u00e7\u00e3o mais aguardada do p\u00fablico crist\u00e3o da Capital.<\/p>\n\n\n\n<p><strong>Estrutura<\/strong><\/p>\n\n\n\n<p>O evento disp\u00f5e de estrutura completa para receber o p\u00fablico, com palco duplo, passarela que aproxima os artistas da plateia, \u00e1reas cobertas, espa\u00e7o para comercializa\u00e7\u00e3o de produtos religiosos, pra\u00e7a de alimenta\u00e7\u00e3o, estacionamento e ambiente acess\u00edvel, garantindo conforto, seguran\u00e7a e organiza\u00e7\u00e3o.<br>&nbsp;<\/p>\n\n\n\n<p>Al\u00e9m dos shows, o p\u00fablico pode aproveitar o espa\u00e7o infantil, com parque de divers\u00f5es funcionando a partir das 17 horas, com brinquedos como pula-pula, infl\u00e1veis, carrinho bate-bate e roda-gigante. A programa\u00e7\u00e3o segue at\u00e9 ter\u00e7a-feira, 17, consolidando o Palmas Capital da F\u00e9 como um dos maiores eventos crist\u00e3os da regi\u00e3o Norte.<\/p>\n","protected":false},"excerpt":{"rendered":"<p>O 10\u00ba Palmas Capital da F\u00e9 continua neste domingo, 15, no estacionamento do Est\u00e1dio Nilton Santos, reunindo milhares de fi\u00e9is em mais uma noite de louvor e celebra\u00e7\u00e3o. A programa\u00e7\u00e3o, a partir das 20 horas, reunir\u00e1 Turma do Padre Dudu, Lis Avancini, F\u00e1tima Souza e a atra\u00e7\u00e3o mais aguardada da noite, o cantor Luciano Camargo, [&hellip;]<\/p>\n","protected":false},"author":2,"featured_media":22806,"comment_status":"open","ping_status":"open","sticky":false,"template":"","format":"standard","meta":[],"categories":[3],"tags":[13],"_links":{"self":[{"href":"https:\/\/dgospel.com.br\/portal\/index.php\/wp-json\/wp\/v2\/posts\/22805"}],"collection":[{"href":"https:\/\/dgospel.com.br\/portal\/index.php\/wp-json\/wp\/v2\/posts"}],"about":[{"href":"https:\/\/dgospel.com.br\/portal\/index.php\/wp-json\/wp\/v2\/types\/post"}],"author":[{"embeddable":true,"href":"https:\/\/dgospel.com.br\/portal\/index.php\/wp-json\/wp\/v2\/users\/2"}],"replies":[{"embeddable":true,"href":"https:\/\/dgospel.com.br\/portal\/index.php\/wp-json\/wp\/v2\/comments?post=22805"}],"version-history":[{"count":1,"href":"https:\/\/dgospel.com.br\/portal\/index.php\/wp-json\/wp\/v2\/posts\/22805\/revisions"}],"predecessor-version":[{"id":22807,"href":"https:\/\/dgospel.com.br\/portal\/index.php\/wp-json\/wp\/v2\/posts\/22805\/revisions\/22807"}],"wp:featuredmedia":[{"embeddable":true,"href":"https:\/\/dgospel.com.br\/portal\/index.php\/wp-json\/wp\/v2\/media\/22806"}],"wp:attachment":[{"href":"https:\/\/dgospel.com.br\/portal\/index.php\/wp-json\/wp\/v2\/media?parent=22805"}],"wp:term":[{"taxonomy":"category","embeddable":true,"href":"https:\/\/dgospel.com.br\/portal\/index.php\/wp-json\/wp\/v2\/categories?post=22805"},{"taxonomy":"post_tag","embeddable":true,"href":"https:\/\/dgospel.com.br\/portal\/index.php\/wp-json\/wp\/v2\/tags?post=22805"}],"curies":[{"name":"wp","href":"https:\/\/api.w.org\/{rel}","templated":true}]}}