{"id":22808,"date":"2026-02-14T18:52:14","date_gmt":"2026-02-14T21:52:14","guid":{"rendered":"https:\/\/dgospel.com.br\/portal\/?p=22808"},"modified":"2026-02-14T18:52:15","modified_gmt":"2026-02-14T21:52:15","slug":"presos-convertidos-participam-de-culto-e-formam-coral-em-igreja-no-para","status":"publish","type":"post","link":"https:\/\/dgospel.com.br\/portal\/index.php\/2026\/02\/14\/presos-convertidos-participam-de-culto-e-formam-coral-em-igreja-no-para\/","title":{"rendered":"Presos convertidos participam de culto e formam coral em igreja no Par\u00e1"},"content":{"rendered":"\n<p>Um grupo de&nbsp;<a href=\"https:\/\/guiame.com.br\/gospel\/missoes-acao-social\/apos-prisoes-em-flagrante-delegado-entrega-biblia-presos-convite-mudanca.html\"><strong>presos<\/strong><\/a>&nbsp;do regime fechado participou de um culto em uma igreja na cidade de Ananindeua, no Par\u00e1.<\/p>\n\n\n\n<p>Os detentos, que&nbsp;<a href=\"https:\/\/guiame.com.br\/gospel\/missoes-acao-social\/mais-de-100-presos-se-rendem-jesus-e-49-sao-batizados-nos-eua.html\"><strong>aceitaram Jesus<\/strong><\/a>&nbsp;anteriormente, sa\u00edram da&nbsp;<a href=\"https:\/\/guiame.com.br\/gospel\/noticias\/36-detentos-aceitam-jesus-em-presidio-de-seguranca-maxima-de-maceio.html\"><strong>penitenci\u00e1ria<\/strong><\/a>&nbsp;e foram escoltados por policiais at\u00e9 a Igreja Assembleia de Deus Minist\u00e9rio Arca da Alian\u00e7a, no dia 24 de janeiro.<\/p>\n\n\n\n<p>Os presos chegaram com a roupa da pris\u00e3o e algemados uns aos outros, e entraram no templo, vigiados pelos agentes, para participar do Congresso de Miss\u00e3o Prisional 2026.<\/p>\n\n\n\n<p>Eles foram recebidos no refeit\u00f3rio da igreja, onde receberam roupa social e gravata para vestir durante o culto.<\/p>\n\n\n\n<p>Logo depois, o grupo entrou na igreja declarando um brado de vit\u00f3ria. \u201cO Arca da Alian\u00e7a o que \u00e9 que voc\u00ea faz? Adoro a Jesus Cristo em Esp\u00edrito e em verdade. O Arca da Alian\u00e7a qual \u00e9 sua miss\u00e3o? Cuidar da minha fam\u00edlia, anunciar a Salva\u00e7\u00e3o. Gl\u00f3ria, gl\u00f3ria!\u201d, entoaram eles.<\/p>\n\n\n\n<p>Al\u00e9m disso, os detentos formaram um coral e cantaram louvores no evento, como a m\u00fasica \u201cEf\u00e9sios 6\u201d do cantor Anderson Freire.&nbsp;<\/p>\n\n\n\n<p>Ap\u00f3s o final do culto, eles colocaram a roupa da pris\u00e3o novamente, sa\u00edram algemados e foram levados de volta \u00e0 penitenci\u00e1ria.<\/p>\n\n\n\n<p>Na sa\u00edda, os membros da igreja se despediram com falas de encorajamento, enquanto os presos agradeceram o carinho e a recep\u00e7\u00e3o.<\/p>\n\n\n\n<p><a href=\"https:\/\/www.instagram.com\/reels\/DT6rpJODB7O\/\">https:\/\/www.instagram.com\/reels\/DT6rpJODB7O\/<\/a><\/p>\n","protected":false},"excerpt":{"rendered":"<p>Um grupo de&nbsp;presos&nbsp;do regime fechado participou de um culto em uma igreja na cidade de Ananindeua, no Par\u00e1. Os detentos, que&nbsp;aceitaram Jesus&nbsp;anteriormente, sa\u00edram da&nbsp;penitenci\u00e1ria&nbsp;e foram escoltados por policiais at\u00e9 a Igreja Assembleia de Deus Minist\u00e9rio Arca da Alian\u00e7a, no dia 24 de janeiro. Os presos chegaram com a roupa da pris\u00e3o e algemados uns aos [&hellip;]<\/p>\n","protected":false},"author":2,"featured_media":22809,"comment_status":"open","ping_status":"open","sticky":false,"template":"","format":"standard","meta":[],"categories":[12,5],"tags":[],"_links":{"self":[{"href":"https:\/\/dgospel.com.br\/portal\/index.php\/wp-json\/wp\/v2\/posts\/22808"}],"collection":[{"href":"https:\/\/dgospel.com.br\/portal\/index.php\/wp-json\/wp\/v2\/posts"}],"about":[{"href":"https:\/\/dgospel.com.br\/portal\/index.php\/wp-json\/wp\/v2\/types\/post"}],"author":[{"embeddable":true,"href":"https:\/\/dgospel.com.br\/portal\/index.php\/wp-json\/wp\/v2\/users\/2"}],"replies":[{"embeddable":true,"href":"https:\/\/dgospel.com.br\/portal\/index.php\/wp-json\/wp\/v2\/comments?post=22808"}],"version-history":[{"count":1,"href":"https:\/\/dgospel.com.br\/portal\/index.php\/wp-json\/wp\/v2\/posts\/22808\/revisions"}],"predecessor-version":[{"id":22810,"href":"https:\/\/dgospel.com.br\/portal\/index.php\/wp-json\/wp\/v2\/posts\/22808\/revisions\/22810"}],"wp:featuredmedia":[{"embeddable":true,"href":"https:\/\/dgospel.com.br\/portal\/index.php\/wp-json\/wp\/v2\/media\/22809"}],"wp:attachment":[{"href":"https:\/\/dgospel.com.br\/portal\/index.php\/wp-json\/wp\/v2\/media?parent=22808"}],"wp:term":[{"taxonomy":"category","embeddable":true,"href":"https:\/\/dgospel.com.br\/portal\/index.php\/wp-json\/wp\/v2\/categories?post=22808"},{"taxonomy":"post_tag","embeddable":true,"href":"https:\/\/dgospel.com.br\/portal\/index.php\/wp-json\/wp\/v2\/tags?post=22808"}],"curies":[{"name":"wp","href":"https:\/\/api.w.org\/{rel}","templated":true}]}}