{"id":2281,"date":"2019-01-11T10:53:32","date_gmt":"2019-01-11T12:53:32","guid":{"rendered":"http:\/\/dgospel.com.br\/portal\/?p=2281"},"modified":"2019-01-11T10:53:32","modified_gmt":"2019-01-11T12:53:32","slug":"em-reuniao-com-secretario-de-politica-economica-ataides-oliveira-leva-proposta-para-reduzir-aliquotas-do-sistema-s","status":"publish","type":"post","link":"https:\/\/dgospel.com.br\/portal\/index.php\/2019\/01\/11\/em-reuniao-com-secretario-de-politica-economica-ataides-oliveira-leva-proposta-para-reduzir-aliquotas-do-sistema-s\/","title":{"rendered":"Em reuni\u00e3o com Secret\u00e1rio de Pol\u00edtica Econ\u00f4mica, Ata\u00eddes Oliveira leva proposta para reduzir al\u00edquotas do Sistema S"},"content":{"rendered":"<div>Na manh\u00e3 desta quinta-feira (10), o senador Ata\u00eddes Oliveira (PSDB\/TO) participou de reuni\u00e3o com o Secret\u00e1rio de Pol\u00edtica Econ\u00f4mica do Minist\u00e9rio da Fazenda, Adolfo Sachsida. Al\u00e9m de presentear o secret\u00e1rio com o livro de sua autoria \u201cCaixa-Preta do Sistema S\u201d, Ata\u00eddes aproveitou a oportunidade para debater propostas relativas ao futuro do sistema.<\/div>\n<div><\/div>\n<div>Cr\u00edtico ferrenho, nos \u00faltimos anos, dos desmandos e dos desvios de finalidade das entidades que comp\u00f5em os servi\u00e7os sociais aut\u00f4nomos, como Sesi, Senai, Sesc, Senat e Sebrae, Ata\u00eddes que tem diversos projetos apresentados sobre o Sistema S, levou ao secret\u00e1rio e sua equipe proposta para reduzir as al\u00edquotas das contribui\u00e7\u00f5es recolhidas pelas empresas para o Sistema S.<\/div>\n<div><\/div>\n<div>A ideia \u00e9 diminuir encargos que incidem sobre a folha salarial e, com isso, incentivar a gera\u00e7\u00e3o de empregos. Segundo o senador, mesmo recebendo contribui\u00e7\u00f5es sociais compuls\u00f3rias que ano passado chegaram a R$ 24 bilh\u00f5es, originados de tributos e repasses do governo federal, as entidades do Sistema S t\u00eam oferecido poucos cursos gratuitos, desviando da finalidade original para que foi criado.<\/div>\n<div><\/div>\n<div>O tamanho da redu\u00e7\u00e3o ainda precisa ser estudado, mas o senador afirma que o Sistema possui condi\u00e7\u00f5es de \u201ccaminhar com suas pr\u00f3prias pernas\u201d, j\u00e1 que no ano passado teve uma receita pr\u00f3pria de R$ 12 bilh\u00f5es.<\/div>\n<div><\/div>\n<div>\u201cPrecisamos acabar com esse encargo do Sistema S que eleva o custo Brasil, nossos empres\u00e1rios n\u00e3o conseguem crescer sem que exista uma desonera\u00e7\u00e3o da folha de pagamento. Tenho convic\u00e7\u00e3o de que o secret\u00e1rio, com essa proposta em m\u00e3os, conseguir\u00e1 fazer um \u00f3timo trabalho\u201d, destacou Ata\u00eddes.<\/div>\n<div><\/div>\n<div>Adolfo afirmou que j\u00e1 vem estudando mat\u00e9rias relacionadas ao Sistema S desde o fim do ano passado e garantiu que vai avaliar prontamente a proposta levada por Ata\u00eddes e espera que em breve ele e sua equipe possam tomar decis\u00f5es sobre o assunto. (Ascom\/Bras\u00edlia)<\/div>\n","protected":false},"excerpt":{"rendered":"<p>Na manh\u00e3 desta quinta-feira (10), o senador Ata\u00eddes Oliveira (PSDB\/TO) participou de reuni\u00e3o com o Secret\u00e1rio de Pol\u00edtica Econ\u00f4mica do Minist\u00e9rio da Fazenda, Adolfo Sachsida. Al\u00e9m de presentear o secret\u00e1rio com o livro de sua autoria \u201cCaixa-Preta do Sistema S\u201d, Ata\u00eddes aproveitou a oportunidade para debater propostas relativas ao futuro do sistema. Cr\u00edtico ferrenho, nos [&hellip;]<\/p>\n","protected":false},"author":2,"featured_media":2282,"comment_status":"open","ping_status":"open","sticky":false,"template":"","format":"standard","meta":[],"categories":[8,2,4],"tags":[],"_links":{"self":[{"href":"https:\/\/dgospel.com.br\/portal\/index.php\/wp-json\/wp\/v2\/posts\/2281"}],"collection":[{"href":"https:\/\/dgospel.com.br\/portal\/index.php\/wp-json\/wp\/v2\/posts"}],"about":[{"href":"https:\/\/dgospel.com.br\/portal\/index.php\/wp-json\/wp\/v2\/types\/post"}],"author":[{"embeddable":true,"href":"https:\/\/dgospel.com.br\/portal\/index.php\/wp-json\/wp\/v2\/users\/2"}],"replies":[{"embeddable":true,"href":"https:\/\/dgospel.com.br\/portal\/index.php\/wp-json\/wp\/v2\/comments?post=2281"}],"version-history":[{"count":1,"href":"https:\/\/dgospel.com.br\/portal\/index.php\/wp-json\/wp\/v2\/posts\/2281\/revisions"}],"predecessor-version":[{"id":2283,"href":"https:\/\/dgospel.com.br\/portal\/index.php\/wp-json\/wp\/v2\/posts\/2281\/revisions\/2283"}],"wp:featuredmedia":[{"embeddable":true,"href":"https:\/\/dgospel.com.br\/portal\/index.php\/wp-json\/wp\/v2\/media\/2282"}],"wp:attachment":[{"href":"https:\/\/dgospel.com.br\/portal\/index.php\/wp-json\/wp\/v2\/media?parent=2281"}],"wp:term":[{"taxonomy":"category","embeddable":true,"href":"https:\/\/dgospel.com.br\/portal\/index.php\/wp-json\/wp\/v2\/categories?post=2281"},{"taxonomy":"post_tag","embeddable":true,"href":"https:\/\/dgospel.com.br\/portal\/index.php\/wp-json\/wp\/v2\/tags?post=2281"}],"curies":[{"name":"wp","href":"https:\/\/api.w.org\/{rel}","templated":true}]}}