{"id":22811,"date":"2026-02-15T13:00:13","date_gmt":"2026-02-15T16:00:13","guid":{"rendered":"https:\/\/dgospel.com.br\/portal\/?p=22811"},"modified":"2026-02-15T13:00:14","modified_gmt":"2026-02-15T16:00:14","slug":"noite-de-abertura-do-capital-da-fe-2026-reune-grande-publico-em-celebracao-e-adoracao","status":"publish","type":"post","link":"https:\/\/dgospel.com.br\/portal\/index.php\/2026\/02\/15\/noite-de-abertura-do-capital-da-fe-2026-reune-grande-publico-em-celebracao-e-adoracao\/","title":{"rendered":"<strong>Noite de abertura do Capital da F\u00e9 2026 re\u00fane grande p\u00fablico em celebra\u00e7\u00e3o e adora\u00e7\u00e3o<\/strong>"},"content":{"rendered":"\n<p>A cultura crist\u00e3 e a intensidade da m\u00fasica gospel deram o tom da abertura da 10\u00aa edi\u00e7\u00e3o do Capital da F\u00e9, festival que j\u00e1 virou tradi\u00e7\u00e3o em Palmas. A noite deste s\u00e1bado, 14, foi marcada por grandes nomes nacionais que transformaram o espa\u00e7o em um ambiente de adora\u00e7\u00e3o e louvor, reunindo fam\u00edlias, caravanas e fi\u00e9is em uma celebra\u00e7\u00e3o que uniu uma multid\u00e3o em espiritualidade e comunh\u00e3o entre evang\u00e9licos, cat\u00f3licos e simpatizantes da m\u00fasica gospel.<br><br>Na primeira noite, subiram ao palco os cantores cat\u00f3licos Juninho Cassimiro, da Renova\u00e7\u00e3o Carism\u00e1tica, e Guilherme de S\u00e1, que em outras edi\u00e7\u00f5es marcou presen\u00e7a no festival como vocalista da Banda Rosa de Saron. Na sequ\u00eancia, Valesca Mayssa trouxe a intensidade da m\u00fasica pentecostal, com can\u00e7\u00f5es ecoadas em coro pelo p\u00fablico como os t\u00edtulos: &#8216;Eis-me aqui&#8217;, &#8216;Eu sou o seu Pai&#8217;. A cantora Julliany Souza levou ao palco o estilo worship, conduzindo os presentes a uma atmosfera de adora\u00e7\u00e3o e emo\u00e7\u00e3o.<br><br>Considerado o maior festival gospel do Norte do pa\u00eds, o Capital da F\u00e9 trouxe, neste ano, dois palcos para dinamizar a troca de bandas. Entre as apresenta\u00e7\u00f5es, a DJ Pescadora manteve a chama da adora\u00e7\u00e3o viva nos intervalos, com carisma e uma performance cheia de identidade.<br><br>O prefeito Eduardo Siqueira Campos abriu o evento destacando a colabora\u00e7\u00e3o para a realiza\u00e7\u00e3o do Capital da F\u00e9, que atraiu caravanas de outros estados e do interior. \u201cEste evento teve a jun\u00e7\u00e3o de for\u00e7as: vereadores, deputados, denomina\u00e7\u00f5es evang\u00e9licas e comunidades cat\u00f3licas, al\u00e9m da participa\u00e7\u00e3o do pastor Suilismar e do padre Eduardo Zanon na coordena\u00e7\u00e3o e execu\u00e7\u00e3o,\u201d enfatizou.<br><br><strong>Cultura crist\u00e3 em expans\u00e3o<\/strong><br>O crescimento da cultura crist\u00e3 no Brasil foi refor\u00e7ado pela secret\u00e1ria municipal de Turismo, Juventude e Esportes, Ana Paula Setti Nogueira. Segundo ela, o Capital da F\u00e9 posiciona Palmas como refer\u00eancia nacional no segmento. &#8220;J\u00e1 s\u00e3o mais de 10 anos de Capital da F\u00e9, prova de que o turismo religioso cresce muito no Brasil e nossa cidade tem essa vertente gospel muito marcante. Esse festival de m\u00fasica crist\u00e3 dialoga com um p\u00fablico diverso, principalmente com a juventude, e com isso traz turistas para a nossa cidade e movimenta a economia.\u201d<br><br>O p\u00fablico vibrou a cada apresenta\u00e7\u00e3o. \u201c\u00c9 emocionante ver artistas cujas m\u00fasicas marcaram nos tocam e hoje poder adorar com eles\u201d, comentou a estudante Luciana Andrade, de 21 anos, que compareceu com um grupo de amigos.<br><br><strong>Ambiente familiar e seguro<\/strong><br>A estrutura foi pensada para receber fam\u00edlias e conta com \u00e1rea coberta e confort\u00e1vel com mesas, cadeiras e sof\u00e1s e bancas de comidas variadas. Para completar a estrutura, h\u00e1 lojinhas com artigos religiosos, parque infantil, brinquedos infl\u00e1veis, estande com a minicidade do tr\u00e2nsito, sala de apoio da Secretaria Municipal de Sa\u00fade (Semus) para atender pequenas emerg\u00eancias, ambul\u00e2ncia de plant\u00e3o durante toda a programa\u00e7\u00e3o, banheiros e estacionamento.<br><br>Quem precisou utilizar o transporte p\u00fablico neste s\u00e1bado, 14, contou com a gratuidade oferecida aos finais de semana. Uma equipe de 19 agentes de tr\u00e2nsito organizou o fluxo de ve\u00edculos.<br><br>E para garantir a seguran\u00e7a dentro e fora do evento, 22 guardas metropolitanos realizaram rondas. A equipe de seguran\u00e7a tamb\u00e9m contou com oito policiais militares, sete bombeiros com ambul\u00e2ncia de resgate e seguran\u00e7as contratados, al\u00e9m de sistema de videomonitoramento, com c\u00e2meras por todo o circuito, monitoradas em tempo real por uma base m\u00f3vel (micro-\u00f4nibus) do Centro Integrado de Comando e Controle (Cicc).<br><br>Fiscais da Vigil\u00e2ncia Sanit\u00e1ria tamb\u00e9m passaram em todas as barracas de alimenta\u00e7\u00e3o para garantir que estavam dentro das normas sanit\u00e1rias e a seguran\u00e7a alimentar do p\u00fablico.<br><br><strong>Programa\u00e7\u00e3o<\/strong><br>A programa\u00e7\u00e3o segue at\u00e9 ter\u00e7a-feira, 17, na Vila Ol\u00edmpica, ao lado do Est\u00e1dio Nilton Santos. No domingo, 15, a partir das 20 horas, sobem ao palco a Turma do Padre Dudu, Liz Avancini, F\u00e1tima Souza e o cantor Luciano Camargo, prometendo mais uma noite de celebra\u00e7\u00e3o que une m\u00fasica, f\u00e9 e esperan\u00e7a.<\/p>\n\n\n\n<p><strong>Saiba mais:<\/strong>&nbsp;<a href=\"https:\/\/www.palmas.to.gov.br\/core\/noticias\/soltar-sabado-10h30-luciano-camargo-se-apresenta-no-10o-palmas-capital-da-fe-neste-domingo-15\/\" target=\"_blank\" rel=\"noreferrer noopener\">https:\/\/www.palmas.to.gov.br\/core\/noticias\/soltar-sabado-10h30-luciano-camargo-se-apresenta-no-10o-palmas-capital-da-fe-neste-domingo-15\/<\/a><\/p>\n","protected":false},"excerpt":{"rendered":"<p>A cultura crist\u00e3 e a intensidade da m\u00fasica gospel deram o tom da abertura da 10\u00aa edi\u00e7\u00e3o do Capital da F\u00e9, festival que j\u00e1 virou tradi\u00e7\u00e3o em Palmas. A noite deste s\u00e1bado, 14, foi marcada por grandes nomes nacionais que transformaram o espa\u00e7o em um ambiente de adora\u00e7\u00e3o e louvor, reunindo fam\u00edlias, caravanas e fi\u00e9is [&hellip;]<\/p>\n","protected":false},"author":2,"featured_media":22812,"comment_status":"open","ping_status":"open","sticky":false,"template":"","format":"standard","meta":[],"categories":[3],"tags":[13],"_links":{"self":[{"href":"https:\/\/dgospel.com.br\/portal\/index.php\/wp-json\/wp\/v2\/posts\/22811"}],"collection":[{"href":"https:\/\/dgospel.com.br\/portal\/index.php\/wp-json\/wp\/v2\/posts"}],"about":[{"href":"https:\/\/dgospel.com.br\/portal\/index.php\/wp-json\/wp\/v2\/types\/post"}],"author":[{"embeddable":true,"href":"https:\/\/dgospel.com.br\/portal\/index.php\/wp-json\/wp\/v2\/users\/2"}],"replies":[{"embeddable":true,"href":"https:\/\/dgospel.com.br\/portal\/index.php\/wp-json\/wp\/v2\/comments?post=22811"}],"version-history":[{"count":1,"href":"https:\/\/dgospel.com.br\/portal\/index.php\/wp-json\/wp\/v2\/posts\/22811\/revisions"}],"predecessor-version":[{"id":22813,"href":"https:\/\/dgospel.com.br\/portal\/index.php\/wp-json\/wp\/v2\/posts\/22811\/revisions\/22813"}],"wp:featuredmedia":[{"embeddable":true,"href":"https:\/\/dgospel.com.br\/portal\/index.php\/wp-json\/wp\/v2\/media\/22812"}],"wp:attachment":[{"href":"https:\/\/dgospel.com.br\/portal\/index.php\/wp-json\/wp\/v2\/media?parent=22811"}],"wp:term":[{"taxonomy":"category","embeddable":true,"href":"https:\/\/dgospel.com.br\/portal\/index.php\/wp-json\/wp\/v2\/categories?post=22811"},{"taxonomy":"post_tag","embeddable":true,"href":"https:\/\/dgospel.com.br\/portal\/index.php\/wp-json\/wp\/v2\/tags?post=22811"}],"curies":[{"name":"wp","href":"https:\/\/api.w.org\/{rel}","templated":true}]}}