{"id":22814,"date":"2026-02-16T09:52:31","date_gmt":"2026-02-16T12:52:31","guid":{"rendered":"https:\/\/dgospel.com.br\/portal\/?p=22814"},"modified":"2026-02-16T09:52:32","modified_gmt":"2026-02-16T12:52:32","slug":"tenda-das-mulheres-leva-informacao-as-participantes-do-10o-capital-da-fe","status":"publish","type":"post","link":"https:\/\/dgospel.com.br\/portal\/index.php\/2026\/02\/16\/tenda-das-mulheres-leva-informacao-as-participantes-do-10o-capital-da-fe\/","title":{"rendered":"Tenda das Mulheres leva informa\u00e7\u00e3o \u00e0s participantes do 10\u00ba Capital da F\u00e9"},"content":{"rendered":"\n<p>Muitas mulheres compareceram ao estande da Tenda das Mulheres, na noite deste s\u00e1bado, 14, onde foram orientadas pelas equipes da Prefeitura de Palmas, por meio da Secretaria Municipal de A\u00e7\u00e3o Social e da Mulher (Semasmu) sobre os servi\u00e7os ofertados pelo Munic\u00edpio \u00e0s mulheres v\u00edtimas de viol\u00eancia dom\u00e9stica, as visitantes tamb\u00e9m s\u00e3o acolhidas, ouvidas e atendidas por maquiadoras e trancistas.<\/p>\n\n\n\n<p>\u201cEstamos aqui na Tenda com nossa equipe e tamb\u00e9m com nossas parceiras, acolhendo, conscientizando e levando informa\u00e7\u00f5es para que a mulher saiba a quem recorrer em situa\u00e7\u00f5es de viol\u00eancia. Esta \u00e9 a primeira de muitas edi\u00e7\u00f5es que vamos realizar ao longo de 2026\u201d, explicou a primeira-dama e secret\u00e1ria municipal de A\u00e7\u00e3o Social e da Mulher, Polyanna Siqueira Campos.<\/p>\n\n\n\n<p>A servidora p\u00fablica C\u00e1tia Ribeiro destacou a import\u00e2ncia da iniciativa em eventos de grande p\u00fablico. \u201c\u00c9 uma a\u00e7\u00e3o fundamental diante do aumento dos casos de feminic\u00eddio. Muitas mulheres t\u00eam a autoestima fragilizada pelos pr\u00f3prios agressores e acabam se sentindo desamparadas. Levar informa\u00e7\u00e3o nesses espa\u00e7os \u00e9 essencial para prevenir a viol\u00eancia e salvar vidas\u201d, afirmou.<\/p>\n\n\n\n<p>O Projeto Tenda das Mulheres funcionar\u00e1 durante os quatro dias de programa\u00e7\u00e3o no Est\u00e1dio Nilton Santos, das 19h \u00e0s 23h. A iniciativa integra a mobiliza\u00e7\u00e3o nacional Feminic\u00eddio Zero, com o objetivo de fortalecer a prote\u00e7\u00e3o dos direitos das mulheres e ampliar o acesso \u00e0 informa\u00e7\u00e3o e \u00e0 rede de apoio.<\/p>\n","protected":false},"excerpt":{"rendered":"<p>Muitas mulheres compareceram ao estande da Tenda das Mulheres, na noite deste s\u00e1bado, 14, onde foram orientadas pelas equipes da Prefeitura de Palmas, por meio da Secretaria Municipal de A\u00e7\u00e3o Social e da Mulher (Semasmu) sobre os servi\u00e7os ofertados pelo Munic\u00edpio \u00e0s mulheres v\u00edtimas de viol\u00eancia dom\u00e9stica, as visitantes tamb\u00e9m s\u00e3o acolhidas, ouvidas e atendidas [&hellip;]<\/p>\n","protected":false},"author":2,"featured_media":22815,"comment_status":"open","ping_status":"open","sticky":false,"template":"","format":"standard","meta":[],"categories":[10],"tags":[13],"_links":{"self":[{"href":"https:\/\/dgospel.com.br\/portal\/index.php\/wp-json\/wp\/v2\/posts\/22814"}],"collection":[{"href":"https:\/\/dgospel.com.br\/portal\/index.php\/wp-json\/wp\/v2\/posts"}],"about":[{"href":"https:\/\/dgospel.com.br\/portal\/index.php\/wp-json\/wp\/v2\/types\/post"}],"author":[{"embeddable":true,"href":"https:\/\/dgospel.com.br\/portal\/index.php\/wp-json\/wp\/v2\/users\/2"}],"replies":[{"embeddable":true,"href":"https:\/\/dgospel.com.br\/portal\/index.php\/wp-json\/wp\/v2\/comments?post=22814"}],"version-history":[{"count":1,"href":"https:\/\/dgospel.com.br\/portal\/index.php\/wp-json\/wp\/v2\/posts\/22814\/revisions"}],"predecessor-version":[{"id":22816,"href":"https:\/\/dgospel.com.br\/portal\/index.php\/wp-json\/wp\/v2\/posts\/22814\/revisions\/22816"}],"wp:featuredmedia":[{"embeddable":true,"href":"https:\/\/dgospel.com.br\/portal\/index.php\/wp-json\/wp\/v2\/media\/22815"}],"wp:attachment":[{"href":"https:\/\/dgospel.com.br\/portal\/index.php\/wp-json\/wp\/v2\/media?parent=22814"}],"wp:term":[{"taxonomy":"category","embeddable":true,"href":"https:\/\/dgospel.com.br\/portal\/index.php\/wp-json\/wp\/v2\/categories?post=22814"},{"taxonomy":"post_tag","embeddable":true,"href":"https:\/\/dgospel.com.br\/portal\/index.php\/wp-json\/wp\/v2\/tags?post=22814"}],"curies":[{"name":"wp","href":"https:\/\/api.w.org\/{rel}","templated":true}]}}