{"id":22817,"date":"2026-02-16T16:16:50","date_gmt":"2026-02-16T19:16:50","guid":{"rendered":"https:\/\/dgospel.com.br\/portal\/?p=22817"},"modified":"2026-02-16T16:16:51","modified_gmt":"2026-02-16T19:16:51","slug":"palmas-capital-da-fe-reune-familias-e-emociona-publico-na-segunda-noite-do-festival","status":"publish","type":"post","link":"https:\/\/dgospel.com.br\/portal\/index.php\/2026\/02\/16\/palmas-capital-da-fe-reune-familias-e-emociona-publico-na-segunda-noite-do-festival\/","title":{"rendered":"Palmas Capital da F\u00e9 re\u00fane fam\u00edlias e emociona p\u00fablico na segunda noite do festival"},"content":{"rendered":"\n<p>O segundo dia do Palmas Capital da F\u00e9 foi marcado por uma programa\u00e7\u00e3o cuidadosamente pensada para toda a fam\u00edlia. Crian\u00e7as, jovens, adultos e idosos encontraram no evento um ambiente acolhedor, com atra\u00e7\u00f5es que dialogaram com diferentes gera\u00e7\u00f5es e fortaleceram a proposta do festival, que segundo o padre Eduardo Zanon \u00e9 um espa\u00e7o familiar.<\/p>\n\n\n\n<p>A abertura da noite ficou por conta da Turma do Padre Dudu, que levou alegria e ensinamentos b\u00edblicos \u00e0s crian\u00e7as. Com linguagem l\u00fadica e m\u00fasicas, o sacerdote relembrou que seu chamado para evangelizar o p\u00fablico infantil nasceu em uma edi\u00e7\u00e3o do Capital da F\u00e9, ao perceber a import\u00e2ncia de incluir as crian\u00e7as na programa\u00e7\u00e3o principal.<\/p>\n\n\n\n<p>A cantora evang\u00e9lica, Liz Avancini, revela\u00e7\u00e3o de 17 anos do Programa Raul Gil, emocionou com sua pot\u00eancia vocal e levou o p\u00fablico a cantar em um s\u00f3 coro. J\u00e1 a cantora cat\u00f3lica F\u00e1tima Souza, conhecida por sua trajet\u00f3ria na Can\u00e7\u00e3o Nova, apresentou can\u00e7\u00f5es reflexivas que tocaram o cora\u00e7\u00e3o do p\u00fablico. As apresenta\u00e7\u00f5es trouxeram diversidade musical e espiritual.<\/p>\n\n\n\n<p>A principal atra\u00e7\u00e3o foi Luciano Camargo, que vive uma nova fase da sua carreira dedicada \u00e0 m\u00fasica gospel, e mostrou que continua com a mesma for\u00e7a, mas agora cantando na primeira voz. Conhecido nacionalmente por sua trajet\u00f3ria ao lado do irm\u00e3o na dupla Zez\u00e9 Di Camargo &amp; Luciano, o cantor interpretou can\u00e7\u00f5es bastante conhecidas do p\u00fablico evang\u00e9lico. Em um momento de conex\u00e3o com o p\u00fablico, Luciano tamb\u00e9m compartilhou testemunho pessoal e refor\u00e7ou seu prop\u00f3sito de evangelizar por meio da m\u00fasica. &#8220;Eu acredito no poder transformador da m\u00fasica&#8221;.&nbsp;<\/p>\n\n\n\n<p>Entre as fam\u00edlias presentes, a empres\u00e1ria Luzia Souza,&nbsp; de 39 anos, participou da segunda noite acompanhada do esposo e do filho de 8 anos. Ela contou que aguardava com expectativa a apresenta\u00e7\u00e3o de Luciano Camargo. \u201cSempre acompanhei a trajet\u00f3ria dele e poder ouvi-lo agora nessa fase gospel \u00e9 emocionante \u201d, relatou.<\/p>\n\n\n\n<p>Programa\u00e7\u00e3o<\/p>\n\n\n\n<p>A 10\u00b0 edi\u00e7\u00e3o do Capital da F\u00e9 segue at\u00e9 esta ter\u00e7a-feira, 17. Nesta segunda-feira, 16, sobem ao palco a partir&nbsp; das 20 horas as atra\u00e7\u00f5es Ramon e Rafael, Padre F\u00e1bio de Melo, William Sanfona e DJ Pescadora.<\/p>\n","protected":false},"excerpt":{"rendered":"<p>O segundo dia do Palmas Capital da F\u00e9 foi marcado por uma programa\u00e7\u00e3o cuidadosamente pensada para toda a fam\u00edlia. Crian\u00e7as, jovens, adultos e idosos encontraram no evento um ambiente acolhedor, com atra\u00e7\u00f5es que dialogaram com diferentes gera\u00e7\u00f5es e fortaleceram a proposta do festival, que segundo o padre Eduardo Zanon \u00e9 um espa\u00e7o familiar. A abertura [&hellip;]<\/p>\n","protected":false},"author":2,"featured_media":22818,"comment_status":"open","ping_status":"open","sticky":false,"template":"","format":"standard","meta":[],"categories":[3],"tags":[13],"_links":{"self":[{"href":"https:\/\/dgospel.com.br\/portal\/index.php\/wp-json\/wp\/v2\/posts\/22817"}],"collection":[{"href":"https:\/\/dgospel.com.br\/portal\/index.php\/wp-json\/wp\/v2\/posts"}],"about":[{"href":"https:\/\/dgospel.com.br\/portal\/index.php\/wp-json\/wp\/v2\/types\/post"}],"author":[{"embeddable":true,"href":"https:\/\/dgospel.com.br\/portal\/index.php\/wp-json\/wp\/v2\/users\/2"}],"replies":[{"embeddable":true,"href":"https:\/\/dgospel.com.br\/portal\/index.php\/wp-json\/wp\/v2\/comments?post=22817"}],"version-history":[{"count":1,"href":"https:\/\/dgospel.com.br\/portal\/index.php\/wp-json\/wp\/v2\/posts\/22817\/revisions"}],"predecessor-version":[{"id":22819,"href":"https:\/\/dgospel.com.br\/portal\/index.php\/wp-json\/wp\/v2\/posts\/22817\/revisions\/22819"}],"wp:featuredmedia":[{"embeddable":true,"href":"https:\/\/dgospel.com.br\/portal\/index.php\/wp-json\/wp\/v2\/media\/22818"}],"wp:attachment":[{"href":"https:\/\/dgospel.com.br\/portal\/index.php\/wp-json\/wp\/v2\/media?parent=22817"}],"wp:term":[{"taxonomy":"category","embeddable":true,"href":"https:\/\/dgospel.com.br\/portal\/index.php\/wp-json\/wp\/v2\/categories?post=22817"},{"taxonomy":"post_tag","embeddable":true,"href":"https:\/\/dgospel.com.br\/portal\/index.php\/wp-json\/wp\/v2\/tags?post=22817"}],"curies":[{"name":"wp","href":"https:\/\/api.w.org\/{rel}","templated":true}]}}