{"id":22820,"date":"2026-02-16T16:24:12","date_gmt":"2026-02-16T19:24:12","guid":{"rendered":"https:\/\/dgospel.com.br\/portal\/?p=22820"},"modified":"2026-02-16T16:24:13","modified_gmt":"2026-02-16T19:24:13","slug":"escola-que-homenageia-lula-tem-evangelicos-em-lata-de-conserva","status":"publish","type":"post","link":"https:\/\/dgospel.com.br\/portal\/index.php\/2026\/02\/16\/escola-que-homenageia-lula-tem-evangelicos-em-lata-de-conserva\/","title":{"rendered":"Escola que homenageia Lula tem evang\u00e9licos em lata de conserva"},"content":{"rendered":"\n<p>A Acad\u00eamicos de Niter\u00f3i, escola de samba que homenageou o presidente Lula (PT) no carnaval do Rio de Janeiro neste domingo (15) apresentou uma ala chamada \u201cNeoconservadores em conserva\u201d, com fantasias em formato de lata de conserva, em tom de s\u00e1tira.<\/p>\n\n\n\n<p>A ala de n\u00famero 22 [mesmo n\u00famero de urna do Partido Liberal], foi pensada para retratar os chamados \u201cneoconservadores\u201d como um grupo que se posiciona contra Lula e defende pautas como privatiza\u00e7\u00f5es e mudan\u00e7as nas regras de trabalho.<\/p>\n\n\n\n<p>Na descri\u00e7\u00e3o da escola, a fantasia usa a lata como s\u00edmbolo da fam\u00edlia tradicional, descrita como composta apenas por homem, mulher e filhos.<\/p>\n\n\n\n<p>Al\u00e9m disso, cada componente teve personagens na cabe\u00e7a para representar diferentes setores ligados ao neoconservadorismo, como um fazendeiro, uma mulher rica, defensores da ditadura militar e evang\u00e9licos.<\/p>\n\n\n\n<p>Ainda de acordo com o texto, esses grupos formariam um bloco no Congresso Nacional com pautas como flexibiliza\u00e7\u00e3o do porte de armas, exalta\u00e7\u00e3o militar, interesses do agroneg\u00f3cio e valores ligados \u00e0 fam\u00edlia tradicional.<\/p>\n\n\n\n<figure class=\"wp-block-image\"><img src=\"https:\/\/static.cdn.pleno.news\/2026\/02\/HBNhyKSbEAA2gok-1024x519.jpeg\" alt=\"\" class=\"wp-image-1632078\"\/><\/figure>\n","protected":false},"excerpt":{"rendered":"<p>A Acad\u00eamicos de Niter\u00f3i, escola de samba que homenageou o presidente Lula (PT) no carnaval do Rio de Janeiro neste domingo (15) apresentou uma ala chamada \u201cNeoconservadores em conserva\u201d, com fantasias em formato de lata de conserva, em tom de s\u00e1tira. A ala de n\u00famero 22 [mesmo n\u00famero de urna do Partido Liberal], foi pensada [&hellip;]<\/p>\n","protected":false},"author":2,"featured_media":22821,"comment_status":"open","ping_status":"open","sticky":false,"template":"","format":"standard","meta":[],"categories":[4],"tags":[],"_links":{"self":[{"href":"https:\/\/dgospel.com.br\/portal\/index.php\/wp-json\/wp\/v2\/posts\/22820"}],"collection":[{"href":"https:\/\/dgospel.com.br\/portal\/index.php\/wp-json\/wp\/v2\/posts"}],"about":[{"href":"https:\/\/dgospel.com.br\/portal\/index.php\/wp-json\/wp\/v2\/types\/post"}],"author":[{"embeddable":true,"href":"https:\/\/dgospel.com.br\/portal\/index.php\/wp-json\/wp\/v2\/users\/2"}],"replies":[{"embeddable":true,"href":"https:\/\/dgospel.com.br\/portal\/index.php\/wp-json\/wp\/v2\/comments?post=22820"}],"version-history":[{"count":1,"href":"https:\/\/dgospel.com.br\/portal\/index.php\/wp-json\/wp\/v2\/posts\/22820\/revisions"}],"predecessor-version":[{"id":22822,"href":"https:\/\/dgospel.com.br\/portal\/index.php\/wp-json\/wp\/v2\/posts\/22820\/revisions\/22822"}],"wp:featuredmedia":[{"embeddable":true,"href":"https:\/\/dgospel.com.br\/portal\/index.php\/wp-json\/wp\/v2\/media\/22821"}],"wp:attachment":[{"href":"https:\/\/dgospel.com.br\/portal\/index.php\/wp-json\/wp\/v2\/media?parent=22820"}],"wp:term":[{"taxonomy":"category","embeddable":true,"href":"https:\/\/dgospel.com.br\/portal\/index.php\/wp-json\/wp\/v2\/categories?post=22820"},{"taxonomy":"post_tag","embeddable":true,"href":"https:\/\/dgospel.com.br\/portal\/index.php\/wp-json\/wp\/v2\/tags?post=22820"}],"curies":[{"name":"wp","href":"https:\/\/api.w.org\/{rel}","templated":true}]}}