{"id":22826,"date":"2026-02-19T15:51:07","date_gmt":"2026-02-19T18:51:07","guid":{"rendered":"https:\/\/dgospel.com.br\/portal\/?p=22826"},"modified":"2026-02-19T15:51:08","modified_gmt":"2026-02-19T18:51:08","slug":"palmas-capital-da-fe-encerra-fortalecendo-economia-local-e-ampliando-oportunidades-para-empreendedores-palmenses","status":"publish","type":"post","link":"https:\/\/dgospel.com.br\/portal\/index.php\/2026\/02\/19\/palmas-capital-da-fe-encerra-fortalecendo-economia-local-e-ampliando-oportunidades-para-empreendedores-palmenses\/","title":{"rendered":"Palmas Capital da F\u00e9 encerra fortalecendo economia local e ampliando oportunidades para empreendedores palmenses"},"content":{"rendered":"\n<p>Com encerramento nesta ter\u00e7a-feira, 17, o Palmas Capital da F\u00e9 2026 consolidou-se como um dos maiores eventos crist\u00e3os da regi\u00e3o e tamb\u00e9m como instrumento estrat\u00e9gico de desenvolvimento econ\u00f4mico para Palmas. Durante os quatro dias de programa\u00e7\u00e3o, as Vilas Gastron\u00f4micas registraram intensa movimenta\u00e7\u00e3o, gerando oportunidade de renda direta para dezenas de pequenos empreendedores locais e ampliando a circula\u00e7\u00e3o de recursos dentro do pr\u00f3prio munic\u00edpio.<\/p>\n\n\n\n<p>Nesta edi\u00e7\u00e3o, a Prefeitura de Palmas, por meio da Secretaria Municipal de Desenvolvimento Econ\u00f4mico e Empreendedorismo (Sedeem), ampliou o n\u00famero de comerciantes participantes, passando de 21 para 42 ambulantes, dobrando as oportunidades oferecidas e fortalecendo a pol\u00edtica municipal de est\u00edmulo ao microempreendedor.<\/p>\n\n\n\n<p>\u201cEstamos falando de gera\u00e7\u00e3o de renda, oportunidade e fortalecimento do pequeno neg\u00f3cio. O evento integra uma estrat\u00e9gia de desenvolvimento econ\u00f4mico do munic\u00edpio, priorizando quem empreende em Palmas\u201d, destacou o secret\u00e1rio Municipal de Desenvolvimento Econ\u00f4mico e Empreendedorismo, Henrique Nesello.<\/p>\n\n\n\n<p><strong>Impacto econ\u00f4mico e novo modelo de mensura\u00e7\u00e3o<\/strong><\/p>\n\n\n\n<p>Como parte das a\u00e7\u00f5es de transpar\u00eancia e avalia\u00e7\u00e3o de resultados, a Secretaria de Desenvolvimento Econ\u00f4mico e Empreendedorismo implantar\u00e1 a partir desta edi\u00e7\u00e3o de 2026 o Term\u00f4metro de Impacto Econ\u00f4mico dos Eventos, um novo procedimento que ir\u00e1 ouvir entidades empresariais e medir indicadores como:<\/p>\n\n\n\n<p><br>&nbsp; &nbsp; \u2022&nbsp; &nbsp; crescimento das vendas durante o per\u00edodo;<br>&nbsp; &nbsp; \u2022&nbsp; &nbsp; gera\u00e7\u00e3o de empregos tempor\u00e1rios;<br>&nbsp; &nbsp; \u2022&nbsp; &nbsp; aumento de quadros efetivos;<br>&nbsp; &nbsp; \u2022&nbsp; &nbsp; amplia\u00e7\u00e3o do fluxo comercial;<br>&nbsp; &nbsp; \u2022&nbsp; &nbsp; fortalecimento da cadeia produtiva local.<\/p>\n\n\n\n<p>Com isso, os dados objetivos, claros e mensur\u00e1veis sobre os impactos dos eventos promovidos pelo munic\u00edpio ser\u00e3o divulgados, permitindo que a popula\u00e7\u00e3o acompanhe de forma transparente, o retorno econ\u00f4mico dos investimentos realizados.<\/p>\n\n\n\n<p><strong>Movimento intenso e aprova\u00e7\u00e3o do p\u00fablico<\/strong><\/p>\n\n\n\n<p>Do primeiro ao \u00faltimo dia, as vilas gastron\u00f4micas estiveram movimentadas, com destaque para a noite de encerramento, quando o espa\u00e7o permaneceu cheio durante todo o per\u00edodo de funcionamento.<\/p>\n\n\n\n<p>A organiza\u00e7\u00e3o e a estrutura disponibilizada garantiram seguran\u00e7a, limpeza e ambiente adequado para comerciantes e visitantes, favorecendo o desempenho das vendas. \u201cSou de Aragua\u00edna mas moro no Maranh\u00e3o. Fiz quest\u00e3o de participar do Capital da F\u00e9 e est\u00e1 tudo maravilhoso, a comida est\u00e1 muito boa, o ambiente agrad\u00e1vel e tudo muito limpo nos estandes\u201d, destacou a mission\u00e1ria Kllayomayra Soares.<\/p>\n\n\n\n<p><strong>Nova gera\u00e7\u00e3o de neg\u00f3cios locais<\/strong><\/p>\n\n\n\n<p>Entre os destaques est\u00e1 a jovem empreendedora Cassiane Ribeiro, de 19 anos, que participou pela primeira vez com seu neg\u00f3cio de bolos confeitados. \u201cFiquei muito feliz quando fui sorteada e at\u00e9 me emocionei. \u00c9 uma satisfa\u00e7\u00e3o enorme poder divulgar meus produtos e vender meus bolos\u201d, relatou. Assim como Cassiane, dezenas de comerciantes utilizaram o evento como vitrine para ampliar sua base de clientes e consolidar seus neg\u00f3cios, reafirmando o compromisso da gest\u00e3o municipal com o desenvolvimento econ\u00f4mico sustent\u00e1vel, a gera\u00e7\u00e3o de renda e a valoriza\u00e7\u00e3o do empreendedor local.<\/p>\n","protected":false},"excerpt":{"rendered":"<p>Com encerramento nesta ter\u00e7a-feira, 17, o Palmas Capital da F\u00e9 2026 consolidou-se como um dos maiores eventos crist\u00e3os da regi\u00e3o e tamb\u00e9m como instrumento estrat\u00e9gico de desenvolvimento econ\u00f4mico para Palmas. Durante os quatro dias de programa\u00e7\u00e3o, as Vilas Gastron\u00f4micas registraram intensa movimenta\u00e7\u00e3o, gerando oportunidade de renda direta para dezenas de pequenos empreendedores locais e ampliando [&hellip;]<\/p>\n","protected":false},"author":2,"featured_media":22827,"comment_status":"open","ping_status":"open","sticky":false,"template":"","format":"standard","meta":[],"categories":[3],"tags":[13],"_links":{"self":[{"href":"https:\/\/dgospel.com.br\/portal\/index.php\/wp-json\/wp\/v2\/posts\/22826"}],"collection":[{"href":"https:\/\/dgospel.com.br\/portal\/index.php\/wp-json\/wp\/v2\/posts"}],"about":[{"href":"https:\/\/dgospel.com.br\/portal\/index.php\/wp-json\/wp\/v2\/types\/post"}],"author":[{"embeddable":true,"href":"https:\/\/dgospel.com.br\/portal\/index.php\/wp-json\/wp\/v2\/users\/2"}],"replies":[{"embeddable":true,"href":"https:\/\/dgospel.com.br\/portal\/index.php\/wp-json\/wp\/v2\/comments?post=22826"}],"version-history":[{"count":1,"href":"https:\/\/dgospel.com.br\/portal\/index.php\/wp-json\/wp\/v2\/posts\/22826\/revisions"}],"predecessor-version":[{"id":22828,"href":"https:\/\/dgospel.com.br\/portal\/index.php\/wp-json\/wp\/v2\/posts\/22826\/revisions\/22828"}],"wp:featuredmedia":[{"embeddable":true,"href":"https:\/\/dgospel.com.br\/portal\/index.php\/wp-json\/wp\/v2\/media\/22827"}],"wp:attachment":[{"href":"https:\/\/dgospel.com.br\/portal\/index.php\/wp-json\/wp\/v2\/media?parent=22826"}],"wp:term":[{"taxonomy":"category","embeddable":true,"href":"https:\/\/dgospel.com.br\/portal\/index.php\/wp-json\/wp\/v2\/categories?post=22826"},{"taxonomy":"post_tag","embeddable":true,"href":"https:\/\/dgospel.com.br\/portal\/index.php\/wp-json\/wp\/v2\/tags?post=22826"}],"curies":[{"name":"wp","href":"https:\/\/api.w.org\/{rel}","templated":true}]}}