{"id":22832,"date":"2026-02-23T16:15:38","date_gmt":"2026-02-23T19:15:38","guid":{"rendered":"https:\/\/dgospel.com.br\/portal\/?p=22832"},"modified":"2026-02-23T16:15:39","modified_gmt":"2026-02-23T19:15:39","slug":"governo-lula-aumenta-imposto-sobre-celulares-e-mais-de-mil-produtos-de-tecnologia-para-conter-importacoes","status":"publish","type":"post","link":"https:\/\/dgospel.com.br\/portal\/index.php\/2026\/02\/23\/governo-lula-aumenta-imposto-sobre-celulares-e-mais-de-mil-produtos-de-tecnologia-para-conter-importacoes\/","title":{"rendered":"Governo Lula aumenta imposto sobre celulares e mais de mil produtos de tecnologia para \u2018conter importa\u00e7\u00f5es\u2019"},"content":{"rendered":"\n<p>O governo do presidente Luiz In\u00e1cio Lula da Silva (PT) decidiu elevar o imposto de importa\u00e7\u00e3o sobre celulares e mais de mil produtos de tecnologia, numa medida que tende a encarecer equipamentos para consumidores e empresas. As al\u00edquotas subiram em at\u00e9 7,2 pontos percentuais, segundo an\u00fancio do Minist\u00e9rio da Fazenda.<\/p>\n\n\n\n<p>A decis\u00e3o foi formalizada pelo vice-presidente Geraldo Alckmin, tamb\u00e9m ministro do Desenvolvimento, Ind\u00fastria e Com\u00e9rcio, e atinge diretamente m\u00e1quinas, equipamentos, itens de inform\u00e1tica e telecomunica\u00e7\u00f5es \u2014 incluindo smartphones.<\/p>\n\n\n\n<p>Na pr\u00e1tica, a medida aumenta o custo de produtos importados sob a justificativa de proteger a ind\u00fastria nacional. O governo afirma que o avan\u00e7o das importa\u00e7\u00f5es representa risco \u00e0 cadeia produtiva brasileira e fala em possibilidade de \u201ccolapso\u201d industrial caso o movimento continue.<\/p>\n\n\n\n<p>Dados oficiais apontam que as importa\u00e7\u00f5es desses itens cresceram 33,4% desde 2022, elevando a participa\u00e7\u00e3o de produtos estrangeiros para mais de 45% do consumo interno. Para a equipe econ\u00f4mica, esse n\u00edvel de depend\u00eancia externa compromete a competitividade e pode gerar perda de capacidade tecnol\u00f3gica.<\/p>\n\n\n\n<p>O aumento tarif\u00e1rio foi descrito pelo governo como interven\u00e7\u00e3o \u201cmoderada e focalizada\u201d, com o objetivo de reduzir a concorr\u00eancia considerada desigual, reequilibrar pre\u00e7os e diminuir a vulnerabilidade externa do pa\u00eds. A justificativa menciona ainda alinhamento com pol\u00edticas de prote\u00e7\u00e3o adotadas por outros pa\u00edses.<\/p>\n\n\n\n<p>Os Estados Unidos lideram o fornecimento desses produtos ao Brasil, com 34,7% de participa\u00e7\u00e3o e US$ 10,18 bilh\u00f5es em vendas, seguidos pela China, com 21,1% e US$ 6,18 bilh\u00f5es. Singapura e Fran\u00e7a aparecem na sequ\u00eancia.<\/p>\n\n\n\n<p>Apesar do aumento de impostos, o governo abriu exce\u00e7\u00e3o tempor\u00e1ria: empresas poder\u00e3o pedir redu\u00e7\u00e3o da al\u00edquota para zero at\u00e9 31 de mar\u00e7o, com autoriza\u00e7\u00f5es v\u00e1lidas por at\u00e9 120 dias. O mecanismo busca evitar impacto imediato sobre projetos produtivos, mas mant\u00e9m a eleva\u00e7\u00e3o como regra geral.<\/p>\n\n\n\n<p>A equipe econ\u00f4mica minimiza efeitos inflacion\u00e1rios e afirma que o impacto ser\u00e1 dilu\u00eddo, j\u00e1 que parte dos itens funciona como insumo industrial e conta com regimes especiais. Ainda assim, especialistas do mercado apontam que a tend\u00eancia \u00e9 de repasse de custos ao consumidor e aumento de pre\u00e7os em segmentos tecnol\u00f3gicos.<\/p>\n\n\n\n<p>O governo sustenta que a medida pode estimular a produ\u00e7\u00e3o local, reduzir a depend\u00eancia de importa\u00e7\u00f5es e melhorar as contas externas. Cr\u00edticos, por\u00e9m, avaliam que a decis\u00e3o refor\u00e7a uma estrat\u00e9gia de encarecimento via tributa\u00e7\u00e3o, com risco de perda de competitividade, menor acesso a tecnologia e press\u00e3o sobre investimentos.<\/p>\n","protected":false},"excerpt":{"rendered":"<p>O governo do presidente Luiz In\u00e1cio Lula da Silva (PT) decidiu elevar o imposto de importa\u00e7\u00e3o sobre celulares e mais de mil produtos de tecnologia, numa medida que tende a encarecer equipamentos para consumidores e empresas. As al\u00edquotas subiram em at\u00e9 7,2 pontos percentuais, segundo an\u00fancio do Minist\u00e9rio da Fazenda. A decis\u00e3o foi formalizada pelo [&hellip;]<\/p>\n","protected":false},"author":2,"featured_media":22833,"comment_status":"open","ping_status":"open","sticky":false,"template":"","format":"standard","meta":[],"categories":[12,10],"tags":[],"_links":{"self":[{"href":"https:\/\/dgospel.com.br\/portal\/index.php\/wp-json\/wp\/v2\/posts\/22832"}],"collection":[{"href":"https:\/\/dgospel.com.br\/portal\/index.php\/wp-json\/wp\/v2\/posts"}],"about":[{"href":"https:\/\/dgospel.com.br\/portal\/index.php\/wp-json\/wp\/v2\/types\/post"}],"author":[{"embeddable":true,"href":"https:\/\/dgospel.com.br\/portal\/index.php\/wp-json\/wp\/v2\/users\/2"}],"replies":[{"embeddable":true,"href":"https:\/\/dgospel.com.br\/portal\/index.php\/wp-json\/wp\/v2\/comments?post=22832"}],"version-history":[{"count":1,"href":"https:\/\/dgospel.com.br\/portal\/index.php\/wp-json\/wp\/v2\/posts\/22832\/revisions"}],"predecessor-version":[{"id":22834,"href":"https:\/\/dgospel.com.br\/portal\/index.php\/wp-json\/wp\/v2\/posts\/22832\/revisions\/22834"}],"wp:featuredmedia":[{"embeddable":true,"href":"https:\/\/dgospel.com.br\/portal\/index.php\/wp-json\/wp\/v2\/media\/22833"}],"wp:attachment":[{"href":"https:\/\/dgospel.com.br\/portal\/index.php\/wp-json\/wp\/v2\/media?parent=22832"}],"wp:term":[{"taxonomy":"category","embeddable":true,"href":"https:\/\/dgospel.com.br\/portal\/index.php\/wp-json\/wp\/v2\/categories?post=22832"},{"taxonomy":"post_tag","embeddable":true,"href":"https:\/\/dgospel.com.br\/portal\/index.php\/wp-json\/wp\/v2\/tags?post=22832"}],"curies":[{"name":"wp","href":"https:\/\/api.w.org\/{rel}","templated":true}]}}