{"id":22835,"date":"2026-02-23T16:32:02","date_gmt":"2026-02-23T19:32:02","guid":{"rendered":"https:\/\/dgospel.com.br\/portal\/?p=22835"},"modified":"2026-02-23T16:32:03","modified_gmt":"2026-02-23T19:32:03","slug":"quase-50-das-pequenas-e-medias-empresas-estao-sob-risco-de-falencia","status":"publish","type":"post","link":"https:\/\/dgospel.com.br\/portal\/index.php\/2026\/02\/23\/quase-50-das-pequenas-e-medias-empresas-estao-sob-risco-de-falencia\/","title":{"rendered":"Quase 50% das pequenas e m\u00e9dias empresas est\u00e3o sob risco de fal\u00eancia"},"content":{"rendered":"\n<p>Com margens apertadas e dificuldades para equilibrar o caixa, pequenas e m\u00e9dias empresas atravessam 2026 em clima de alerta. O alto n\u00edvel de endividamento, somado \u00e0 proximidade da Reforma Tribut\u00e1ria prevista para entrar em vigor em 2027, tem ampliado a preocupa\u00e7\u00e3o do setor, que teme aumento da carga fiscal em um momento j\u00e1 delicado.<\/p>\n\n\n\n<p>Ap\u00f3s tr\u00eas anos consecutivos de recordes nos pedidos de Recupera\u00e7\u00e3o Judicial, muitas empresas seguem recorrendo a empr\u00e9stimos para manter o capital de giro. De acordoc oom a Veja, o problema \u00e9 que o custo elevado dos juros tem ampliado o peso das obriga\u00e7\u00f5es financeiras, dificultando a reorganiza\u00e7\u00e3o das contas.<\/p>\n\n\n\n<p>Um estudo realizado pela&nbsp;W1 Business, com base em 134 empresas de diferentes segmentos, mostra que 59% delas operam atualmente com d\u00edvidas. Em m\u00e9dia, o passivo chega a R$ 2,54 milh\u00f5es, enquanto o faturamento anual gira em torno de R$ 8,62 milh\u00f5es.<\/p>\n\n\n\n<p>Os dados indicam que \u00e1reas como transporte, com\u00e9rcio varejista e servi\u00e7os concentram os maiores n\u00edveis de comprometimento da receita com d\u00e9bitos de curto prazo. Ainda segundo o levantamento, 43% das empresas analisadas est\u00e3o em situa\u00e7\u00e3o considerada cr\u00edtica, com risco real de insolv\u00eancia.<\/p>\n\n\n\n<p>Especialistas apontam que, sem medidas de reestrutura\u00e7\u00e3o financeira e planejamento tribut\u00e1rio, parte significativa dessas companhias pode enfrentar dificuldades ainda maiores com a implementa\u00e7\u00e3o das novas regras fiscais no pr\u00f3ximo ano.<\/p>\n","protected":false},"excerpt":{"rendered":"<p>Com margens apertadas e dificuldades para equilibrar o caixa, pequenas e m\u00e9dias empresas atravessam 2026 em clima de alerta. O alto n\u00edvel de endividamento, somado \u00e0 proximidade da Reforma Tribut\u00e1ria prevista para entrar em vigor em 2027, tem ampliado a preocupa\u00e7\u00e3o do setor, que teme aumento da carga fiscal em um momento j\u00e1 delicado. Ap\u00f3s [&hellip;]<\/p>\n","protected":false},"author":2,"featured_media":22836,"comment_status":"open","ping_status":"open","sticky":false,"template":"","format":"standard","meta":[],"categories":[4],"tags":[13],"_links":{"self":[{"href":"https:\/\/dgospel.com.br\/portal\/index.php\/wp-json\/wp\/v2\/posts\/22835"}],"collection":[{"href":"https:\/\/dgospel.com.br\/portal\/index.php\/wp-json\/wp\/v2\/posts"}],"about":[{"href":"https:\/\/dgospel.com.br\/portal\/index.php\/wp-json\/wp\/v2\/types\/post"}],"author":[{"embeddable":true,"href":"https:\/\/dgospel.com.br\/portal\/index.php\/wp-json\/wp\/v2\/users\/2"}],"replies":[{"embeddable":true,"href":"https:\/\/dgospel.com.br\/portal\/index.php\/wp-json\/wp\/v2\/comments?post=22835"}],"version-history":[{"count":1,"href":"https:\/\/dgospel.com.br\/portal\/index.php\/wp-json\/wp\/v2\/posts\/22835\/revisions"}],"predecessor-version":[{"id":22837,"href":"https:\/\/dgospel.com.br\/portal\/index.php\/wp-json\/wp\/v2\/posts\/22835\/revisions\/22837"}],"wp:featuredmedia":[{"embeddable":true,"href":"https:\/\/dgospel.com.br\/portal\/index.php\/wp-json\/wp\/v2\/media\/22836"}],"wp:attachment":[{"href":"https:\/\/dgospel.com.br\/portal\/index.php\/wp-json\/wp\/v2\/media?parent=22835"}],"wp:term":[{"taxonomy":"category","embeddable":true,"href":"https:\/\/dgospel.com.br\/portal\/index.php\/wp-json\/wp\/v2\/categories?post=22835"},{"taxonomy":"post_tag","embeddable":true,"href":"https:\/\/dgospel.com.br\/portal\/index.php\/wp-json\/wp\/v2\/tags?post=22835"}],"curies":[{"name":"wp","href":"https:\/\/api.w.org\/{rel}","templated":true}]}}