{"id":2284,"date":"2019-01-11T10:55:10","date_gmt":"2019-01-11T12:55:10","guid":{"rendered":"http:\/\/dgospel.com.br\/portal\/?p=2284"},"modified":"2019-01-11T10:55:10","modified_gmt":"2019-01-11T12:55:10","slug":"defesa-civil-alerta-para-possibilidade-chuvas-no-fim-de-semana","status":"publish","type":"post","link":"https:\/\/dgospel.com.br\/portal\/index.php\/2019\/01\/11\/defesa-civil-alerta-para-possibilidade-chuvas-no-fim-de-semana\/","title":{"rendered":"Defesa Civil alerta para possibilidade chuvas no fim de semana"},"content":{"rendered":"<p>No m\u00eas de janeiro, a previs\u00e3o de chuva para a Capital continua. O volume previsto de chuvas para o pr\u00f3ximo final de semana \u00e9 de cerca de 63 mm, com a temperatura acima dos 30\u00b0C.\u00a0 A Defesa Civil de Palmas alerta que\u00a0 mesmo com as chuvas, a radia\u00e7\u00e3o solar continua alta, e a popula\u00e7\u00e3o necessita redobrar os cuidados com a sa\u00fade.<\/p>\n<p class=\"yiv0205708349MsoNormal\">Nesta quinta-feira, 10, a previs\u00e3o m\u00e1xima \u00e9 de 30\u00b0C, com probabilidade 75% de chuva, enquanto no fim de semana a temperatura deve aumentar ainda mais.<\/p>\n<p class=\"yiv0205708349MsoNormal\">Para sexta-feira, 11, a previs\u00e3o m\u00e1xima \u00e9 de 31\u00b0C\u00a0 com 80% de probabilidade de chuva; no s\u00e1bado, 12, a temperatura aumenta um pouco mais, com previs\u00e3o\u00a0 de 32\u00b0 e 80% de probabilidade de chuva. J\u00e1 para o domingo, 13, a temperatura m\u00e1xima esperada \u00e9 33\u00b0C, com probabilidade de chuvas em 80%.<\/p>\n<p class=\"yiv0205708349MsoNormal\">O agente da Defesa Civil, Bruno Maciel, alerta que, \u201ch\u00e1 possibilidade de n\u00e3o haver chuva, mesmo com esta probabilidade, e os \u00edndices de raios ultravioletas estar\u00e3o bastante altos, e temos que nos proteger contra estes fortes raios solares. Use um protetor solar com Fator de Prote\u00e7\u00e3o Solar de pelo menos n\u00famero 30 em todas as partes expostas ao sol, protetor labial, chap\u00e9u e \u00f3culos de sol, guarda-sol e reaplique sempre o protetor solar frequentemente\u201d, ressaltou ele.<\/p>\n<p class=\"yiv0205708349MsoNormal\">O boletim divulgado pela Defesa Civil tem como base dados do Centro de Previs\u00e3o de Tempo e Estudos Clim\u00e1ticos (Cptec), do Instituto Nacional de Pesquisas Espaciais (Inpe), do Instituto Nacional de Meteorologia (Inmet), da empresa Climatempo e do N\u00facleo Estadual de Meteorologia e Recursos H\u00eddricos do Tocantins.<\/p>\n","protected":false},"excerpt":{"rendered":"<p>No m\u00eas de janeiro, a previs\u00e3o de chuva para a Capital continua. O volume previsto de chuvas para o pr\u00f3ximo final de semana \u00e9 de cerca de 63 mm, com a temperatura acima dos 30\u00b0C.\u00a0 A Defesa Civil de Palmas alerta que\u00a0 mesmo com as chuvas, a radia\u00e7\u00e3o solar continua alta, e a popula\u00e7\u00e3o necessita [&hellip;]<\/p>\n","protected":false},"author":2,"featured_media":2285,"comment_status":"open","ping_status":"open","sticky":false,"template":"","format":"standard","meta":[],"categories":[2,3],"tags":[],"_links":{"self":[{"href":"https:\/\/dgospel.com.br\/portal\/index.php\/wp-json\/wp\/v2\/posts\/2284"}],"collection":[{"href":"https:\/\/dgospel.com.br\/portal\/index.php\/wp-json\/wp\/v2\/posts"}],"about":[{"href":"https:\/\/dgospel.com.br\/portal\/index.php\/wp-json\/wp\/v2\/types\/post"}],"author":[{"embeddable":true,"href":"https:\/\/dgospel.com.br\/portal\/index.php\/wp-json\/wp\/v2\/users\/2"}],"replies":[{"embeddable":true,"href":"https:\/\/dgospel.com.br\/portal\/index.php\/wp-json\/wp\/v2\/comments?post=2284"}],"version-history":[{"count":1,"href":"https:\/\/dgospel.com.br\/portal\/index.php\/wp-json\/wp\/v2\/posts\/2284\/revisions"}],"predecessor-version":[{"id":2286,"href":"https:\/\/dgospel.com.br\/portal\/index.php\/wp-json\/wp\/v2\/posts\/2284\/revisions\/2286"}],"wp:featuredmedia":[{"embeddable":true,"href":"https:\/\/dgospel.com.br\/portal\/index.php\/wp-json\/wp\/v2\/media\/2285"}],"wp:attachment":[{"href":"https:\/\/dgospel.com.br\/portal\/index.php\/wp-json\/wp\/v2\/media?parent=2284"}],"wp:term":[{"taxonomy":"category","embeddable":true,"href":"https:\/\/dgospel.com.br\/portal\/index.php\/wp-json\/wp\/v2\/categories?post=2284"},{"taxonomy":"post_tag","embeddable":true,"href":"https:\/\/dgospel.com.br\/portal\/index.php\/wp-json\/wp\/v2\/tags?post=2284"}],"curies":[{"name":"wp","href":"https:\/\/api.w.org\/{rel}","templated":true}]}}