{"id":22844,"date":"2026-02-23T17:04:29","date_gmt":"2026-02-23T20:04:29","guid":{"rendered":"https:\/\/dgospel.com.br\/portal\/?p=22844"},"modified":"2026-02-23T17:04:30","modified_gmt":"2026-02-23T20:04:30","slug":"idoso-sob-cuidados-paliativos-e-batizado-dentro-de-hospital-no-parana","status":"publish","type":"post","link":"https:\/\/dgospel.com.br\/portal\/index.php\/2026\/02\/23\/idoso-sob-cuidados-paliativos-e-batizado-dentro-de-hospital-no-parana\/","title":{"rendered":"Idoso sob cuidados paliativos \u00e9 batizado dentro de hospital no Paran\u00e1"},"content":{"rendered":"\n<p>Em um ambiente normalmente marcado por monitores, protocolos e procedimentos cl\u00ednicos, um&nbsp;<strong><a href=\"https:\/\/guiame.com.br\/gospel\/mundo-cristao\/camila-campos-passa-por-cirurgia-devido-sequelas-do-cancer-preciso-de-oracao.html\">hospital<\/a>&nbsp;<\/strong>se transformou, ainda que por alguns instantes, em um espa\u00e7o de f\u00e9, despedida e profundo significado humano.<\/p>\n\n\n\n<p>A postagem que registrou o&nbsp;<strong><a href=\"https:\/\/guiame.com.br\/gospel\/noticias\/medalhista-olimpico-de-natacao-e-batizado-decidi-dedicar-minha-vida-jesus.html\">batismo nas \u00e1guas<\/a><\/strong>&nbsp;de um idoso em cuidados paliativos, feita pelo m\u00e9dico Jos\u00e9 Ant\u00f4nio Assis Zerbetto Filho, revelou empatia e respeito diante de um quadro de grande fragilidade.<\/p>\n\n\n\n<p>O paciente internado no Hospital Municipal de Rio Branco do Sul, na Regi\u00e3o Metropolitana de Curitiba, recebeu autoriza\u00e7\u00e3o do Dr. Zerbetto para ser batizado dentro da pr\u00f3pria unidade hospitalar.<\/p>\n\n\n\n<p>\u201cHoje liberei um paciente para ser batizado no hospital. N\u00e3o era sobre protocolos, exames ou prescri\u00e7\u00f5es. Era sobre f\u00e9. Sobre fam\u00edlia. Sobre um momento que precisava acontecer agora \u2013 porque o agora \u00e9 tudo o que temos\u201d, escreveu o m\u00e9dico.<\/p>\n\n\n\n<p>Segundo ele, a decis\u00e3o partiu de um entendimento que vai al\u00e9m da medicina tradicional.<\/p>\n\n\n\n<p>\u201cNos cuidados paliativos, entendemos que quando a medicina j\u00e1 n\u00e3o pode oferecer a cura, ainda podemos \u2013 e devemos \u2013 oferecer presen\u00e7a, dignidade e significado. Cada gesto passa a ter um peso diferente. Cada escolha carrega amor.\u201d<\/p>\n\n\n\n<p>O m\u00e9dico destacou que a decis\u00e3o foi, acima de tudo, um ato de respeito \u00e0 f\u00e9 do paciente e ao desejo de sua fam\u00edlia de vivenciar um momento espiritual que n\u00e3o podia esperar.<\/p>\n\n\n\n<p>\u201cO cuidado paliativo mostra que dignidade n\u00e3o \u00e9 apenas controlar a dor, mas permitir que o paciente viva seus \u00faltimos cap\u00edtulos da forma que faz sentido para ele. E, hoje, fez sentido celebrar um sacramento\u201d, afirmou.<\/p>\n\n\n\n<p>O batismo aconteceu ali mesmo, em meio ao sil\u00eancio respeitoso do hospital. \u201cHouve \u00e1gua,&nbsp;<strong><a href=\"https:\/\/guiame.com.br\/gospel\/testemunhos\/poder-de-deus-apos-oracao-mulher-abandona-muletas-e-corre-em-conferencia.html\">ora\u00e7\u00e3o<\/a><\/strong>&nbsp;e l\u00e1grimas. Houve vida, mesmo diante da finitude\u201d, descreveu o m\u00e9dico.<\/p>\n\n\n\n<p>Em seu texto, o Dr. Zerbetto explicou: \u201cA medicina salva quando pode, mas sempre deve acolher\u201d.<\/p>\n\n\n\n<p><strong>Gratid\u00e3o a Deus<\/strong><\/p>\n\n\n\n<p>O m\u00e9dico declarou que aquele batismo, dentro do hospital, o ensinou mais uma vez que \u201ccuidar vai muito al\u00e9m de curar.\u201d<\/p>\n\n\n\n<p>O momento tamb\u00e9m foi marcado por gratid\u00e3o: \u00e0 equipe que tornou o batismo poss\u00edvel e a Deus.<\/p>\n\n\n\n<p>\u201cObrigado equipe! Obrigado Deus\u201d, finalizou o m\u00e9dico.<\/p>\n\n\n\n<p>A postagem recebeu in\u00fameros coment\u00e1rios:<\/p>\n\n\n\n<p>Uma pessoa escreveu: \u201cSuas atitudes tocam nossos cora\u00e7\u00f5es, elas carregam o real significado de CUIDAR. Pois mais do que conhecimento as pessoas precisam de acolhimento.\u201d<\/p>\n\n\n\n<p>Outra destacou gesto de bondade e f\u00e9: \u201cJesus Cristo lhe aben\u00e7oe, n\u00e3o \u00e9 s\u00f3 um gesto de bondade, mas como voc\u00ea falou, \u00e9 a F\u00e9 de algu\u00e9m que cr\u00ea na salva\u00e7\u00e3o.\u201d<\/p>\n\n\n\n<p>Uma internauta elogiou a atitude: \u201cLindas palavras! Imposs\u00edvel n\u00e3o se emocionar e sentir o agir de Deus! Parab\u00e9ns a todos envolvidos.\u201d<\/p>\n\n\n\n<p><a href=\"https:\/\/www.instagram.com\/p\/DU_zRF_FcHq\/?utm_source=ig_embed&amp;ig_rid=abf0de96-96cb-40b4-b279-446ea871c8d9\">https:\/\/www.instagram.com\/p\/DU_zRF_FcHq\/?utm_source=ig_embed&amp;ig_rid=abf0de96-96cb-40b4-b279-446ea871c8d9<\/a><\/p>\n","protected":false},"excerpt":{"rendered":"<p>Em um ambiente normalmente marcado por monitores, protocolos e procedimentos cl\u00ednicos, um&nbsp;hospital&nbsp;se transformou, ainda que por alguns instantes, em um espa\u00e7o de f\u00e9, despedida e profundo significado humano. A postagem que registrou o&nbsp;batismo nas \u00e1guas&nbsp;de um idoso em cuidados paliativos, feita pelo m\u00e9dico Jos\u00e9 Ant\u00f4nio Assis Zerbetto Filho, revelou empatia e respeito diante de um [&hellip;]<\/p>\n","protected":false},"author":2,"featured_media":22845,"comment_status":"open","ping_status":"open","sticky":false,"template":"","format":"standard","meta":[],"categories":[12,5],"tags":[],"_links":{"self":[{"href":"https:\/\/dgospel.com.br\/portal\/index.php\/wp-json\/wp\/v2\/posts\/22844"}],"collection":[{"href":"https:\/\/dgospel.com.br\/portal\/index.php\/wp-json\/wp\/v2\/posts"}],"about":[{"href":"https:\/\/dgospel.com.br\/portal\/index.php\/wp-json\/wp\/v2\/types\/post"}],"author":[{"embeddable":true,"href":"https:\/\/dgospel.com.br\/portal\/index.php\/wp-json\/wp\/v2\/users\/2"}],"replies":[{"embeddable":true,"href":"https:\/\/dgospel.com.br\/portal\/index.php\/wp-json\/wp\/v2\/comments?post=22844"}],"version-history":[{"count":1,"href":"https:\/\/dgospel.com.br\/portal\/index.php\/wp-json\/wp\/v2\/posts\/22844\/revisions"}],"predecessor-version":[{"id":22846,"href":"https:\/\/dgospel.com.br\/portal\/index.php\/wp-json\/wp\/v2\/posts\/22844\/revisions\/22846"}],"wp:featuredmedia":[{"embeddable":true,"href":"https:\/\/dgospel.com.br\/portal\/index.php\/wp-json\/wp\/v2\/media\/22845"}],"wp:attachment":[{"href":"https:\/\/dgospel.com.br\/portal\/index.php\/wp-json\/wp\/v2\/media?parent=22844"}],"wp:term":[{"taxonomy":"category","embeddable":true,"href":"https:\/\/dgospel.com.br\/portal\/index.php\/wp-json\/wp\/v2\/categories?post=22844"},{"taxonomy":"post_tag","embeddable":true,"href":"https:\/\/dgospel.com.br\/portal\/index.php\/wp-json\/wp\/v2\/tags?post=22844"}],"curies":[{"name":"wp","href":"https:\/\/api.w.org\/{rel}","templated":true}]}}