{"id":22847,"date":"2026-02-24T10:59:52","date_gmt":"2026-02-24T13:59:52","guid":{"rendered":"https:\/\/dgospel.com.br\/portal\/?p=22847"},"modified":"2026-02-24T10:59:53","modified_gmt":"2026-02-24T13:59:53","slug":"governo-lula-fecha-mais-de-28-mil-leitos-de-psiquiatria-obstetricia-e-pediatria-do-sus","status":"publish","type":"post","link":"https:\/\/dgospel.com.br\/portal\/index.php\/2026\/02\/24\/governo-lula-fecha-mais-de-28-mil-leitos-de-psiquiatria-obstetricia-e-pediatria-do-sus\/","title":{"rendered":"Governo Lula fecha mais de 2,8 mil leitos de psiquiatria, obstetr\u00edcia e pediatria do SUS"},"content":{"rendered":"\n<p>O governo do presidente Luiz In\u00e1cio Lula da Silva (PT) registrou o fechamento de mais de 2.800 leitos do Sistema \u00danico de Sa\u00fade (SUS) nas \u00e1reas de psiquiatria, obstetr\u00edcia e pediatria entre 2023 e 2025, segundo levantamento com base em dados oficiais.<\/p>\n\n\n\n<p>No per\u00edodo, foram desativados 1.885 leitos psiqui\u00e1tricos, 679 obst\u00e9tricos e 302 pedi\u00e1tricos. As informa\u00e7\u00f5es constam em estudo do Farol da Oposi\u00e7\u00e3o, ligado ao Instituto Teot\u00f4nio Vilela, elaborado a partir de dados p\u00fablicos do Datasus e do IBGE. Os n\u00fameros foram conferidos pelo Poder360 nas mesmas bases.<\/p>\n\n\n\n<p>Al\u00e9m do fechamento l\u00edquido de vagas, o levantamento indica desacelera\u00e7\u00e3o relevante na cria\u00e7\u00e3o de novos leitos. Entre 2023 e 2025, foram abertos 7.050 leitos, volume inferior aos 10.163 registrados entre 2019 e 2021 \u2014 retra\u00e7\u00e3o de 30,6% na compara\u00e7\u00e3o entre os per\u00edodos.<\/p>\n\n\n\n<p>O desempenho mais fraco aparece na oferta de leitos cl\u00ednicos. Foram criadas 627 unidades nessa especialidade, n\u00famero significativamente inferior ao observado no in\u00edcio da gest\u00e3o anterior, quando a expans\u00e3o chegou a 20.278.<\/p>\n\n\n\n<p>Na pr\u00e1tica, o cen\u00e1rio combina redu\u00e7\u00e3o de capacidade assistencial em \u00e1reas sens\u00edveis com menor ritmo de expans\u00e3o da rede hospitalar. Sa\u00fade mental, maternidade e atendimento infantil \u2014 segmentos historicamente pressionados \u2014 aparecem entre os mais afetados.<\/p>\n\n\n\n<p>Os dados refor\u00e7am cr\u00edticas sobre a prioridade dada \u00e0 estrutura hospitalar no atual governo, sobretudo diante do aumento da demanda por atendimento especializado e da persist\u00eancia de filas no SUS.<\/p>\n\n\n\n<p>At\u00e9 o momento, n\u00e3o h\u00e1 explica\u00e7\u00e3o detalhada do governo federal para o fechamento dos leitos nem apresenta\u00e7\u00e3o de uma estrat\u00e9gia clara de compensa\u00e7\u00e3o estrutural. Tamb\u00e9m n\u00e3o foi divulgado balan\u00e7o consolidado que demonstre substitui\u00e7\u00e3o por servi\u00e7os equivalentes, amplia\u00e7\u00e3o da rede ou reorganiza\u00e7\u00e3o capaz de neutralizar a perda de capacidade.<\/p>\n\n\n\n<p>Sem essa transpar\u00eancia, especialistas apontam que o fechamento de leitos, combinado \u00e0 expans\u00e3o mais lenta, tende a pressionar ainda mais o sistema p\u00fablico e ampliar gargalos assistenciais j\u00e1 existentes.<\/p>\n","protected":false},"excerpt":{"rendered":"<p>O governo do presidente Luiz In\u00e1cio Lula da Silva (PT) registrou o fechamento de mais de 2.800 leitos do Sistema \u00danico de Sa\u00fade (SUS) nas \u00e1reas de psiquiatria, obstetr\u00edcia e pediatria entre 2023 e 2025, segundo levantamento com base em dados oficiais. No per\u00edodo, foram desativados 1.885 leitos psiqui\u00e1tricos, 679 obst\u00e9tricos e 302 pedi\u00e1tricos. As [&hellip;]<\/p>\n","protected":false},"author":2,"featured_media":22848,"comment_status":"open","ping_status":"open","sticky":false,"template":"","format":"standard","meta":[],"categories":[10],"tags":[13],"_links":{"self":[{"href":"https:\/\/dgospel.com.br\/portal\/index.php\/wp-json\/wp\/v2\/posts\/22847"}],"collection":[{"href":"https:\/\/dgospel.com.br\/portal\/index.php\/wp-json\/wp\/v2\/posts"}],"about":[{"href":"https:\/\/dgospel.com.br\/portal\/index.php\/wp-json\/wp\/v2\/types\/post"}],"author":[{"embeddable":true,"href":"https:\/\/dgospel.com.br\/portal\/index.php\/wp-json\/wp\/v2\/users\/2"}],"replies":[{"embeddable":true,"href":"https:\/\/dgospel.com.br\/portal\/index.php\/wp-json\/wp\/v2\/comments?post=22847"}],"version-history":[{"count":1,"href":"https:\/\/dgospel.com.br\/portal\/index.php\/wp-json\/wp\/v2\/posts\/22847\/revisions"}],"predecessor-version":[{"id":22849,"href":"https:\/\/dgospel.com.br\/portal\/index.php\/wp-json\/wp\/v2\/posts\/22847\/revisions\/22849"}],"wp:featuredmedia":[{"embeddable":true,"href":"https:\/\/dgospel.com.br\/portal\/index.php\/wp-json\/wp\/v2\/media\/22848"}],"wp:attachment":[{"href":"https:\/\/dgospel.com.br\/portal\/index.php\/wp-json\/wp\/v2\/media?parent=22847"}],"wp:term":[{"taxonomy":"category","embeddable":true,"href":"https:\/\/dgospel.com.br\/portal\/index.php\/wp-json\/wp\/v2\/categories?post=22847"},{"taxonomy":"post_tag","embeddable":true,"href":"https:\/\/dgospel.com.br\/portal\/index.php\/wp-json\/wp\/v2\/tags?post=22847"}],"curies":[{"name":"wp","href":"https:\/\/api.w.org\/{rel}","templated":true}]}}