{"id":22850,"date":"2026-02-24T11:46:44","date_gmt":"2026-02-24T14:46:44","guid":{"rendered":"https:\/\/dgospel.com.br\/portal\/?p=22850"},"modified":"2026-02-24T11:46:44","modified_gmt":"2026-02-24T14:46:44","slug":"comadetins-2026-sera-realizado-em-palmas","status":"publish","type":"post","link":"https:\/\/dgospel.com.br\/portal\/index.php\/2026\/02\/24\/comadetins-2026-sera-realizado-em-palmas\/","title":{"rendered":"COMADETINS 2026 ser\u00e1 realizado em Palmas"},"content":{"rendered":"\n<p>O Conselho Ciadseta da Juventude (CCJ), realizar\u00e1 o Congresso de Mocidade das Assembleias de Deus CiadSeta do Tocantins (COMADETINS). O evento ser\u00e1 realizado no Aureny III, em Palmas, entre os dias 21 a 22 de agosto de 2026. A expectativa \u00e9 que re\u00fana milhares de jovens para dias de impacto espiritual. &nbsp;<\/p>\n\n\n\n<p>O presidente do Conselho Ciadseta da Juventude, pastor Slias Cavalcante, disse acreditar que ser\u00e3o dias de avivamento, unidade e mover de Deus sobre a juventude do Tocantins.<\/p>\n\n\n\n<p>O pastor Slias Cavalcante, anunciou recentemente nas redes sociais, que o Congresso ser\u00e1 realizado pelo o Conselho Ciadseta da Juventude, em parceria com as igrejas locais. \u201cTemos a alegria em anunciar que a Assembleia de Deus, campo Aureny IV, em parceria com o campo no Aureny III estar\u00e3o na organiza\u00e7\u00e3o do congresso, somando for\u00e7as, trabalhando em unidade e preparando cada detalhe com excel\u00eancia\u201d, disse o presidente.<\/p>\n\n\n\n<figure class=\"wp-block-image size-full\"><img loading=\"lazy\" width=\"800\" height=\"500\" src=\"http:\/\/dgospel.com.br\/portal\/wp-content\/uploads\/2026\/02\/0000000.jpg\" alt=\"\" class=\"wp-image-22852\" srcset=\"https:\/\/dgospel.com.br\/portal\/wp-content\/uploads\/2026\/02\/0000000.jpg 800w, https:\/\/dgospel.com.br\/portal\/wp-content\/uploads\/2026\/02\/0000000-300x188.jpg 300w, https:\/\/dgospel.com.br\/portal\/wp-content\/uploads\/2026\/02\/0000000-768x480.jpg 768w, https:\/\/dgospel.com.br\/portal\/wp-content\/uploads\/2026\/02\/0000000-240x150.jpg 240w, https:\/\/dgospel.com.br\/portal\/wp-content\/uploads\/2026\/02\/0000000-474x297.jpg 474w\" sizes=\"(max-width: 800px) 100vw, 800px\" \/><figcaption>Registro do  17\u00ba  COMADETINS realizado em Guara\u00ed (TO)<\/figcaption><\/figure>\n\n\n\n<p>O COMADETINS \u00e9 um congresso de grande impacto, voltado para a juventude, com o objetivo de promover unidade, avivamento espiritual, evangeliza\u00e7\u00e3o e fortalecer o trabalho mission\u00e1rio da igreja entre os jovens.<\/p>\n\n\n\n<p>O congresso \u00e9 considerado um dos maiores eventos de juventude no estado do Tocantins, realizando diversas edi\u00e7\u00f5es ao longo dos anos, com grande mobiliza\u00e7\u00e3o e participa\u00e7\u00e3o de caravanas de todas as cidades do estado.<\/p>\n","protected":false},"excerpt":{"rendered":"<p>O Conselho Ciadseta da Juventude (CCJ), realizar\u00e1 o Congresso de Mocidade das Assembleias de Deus CiadSeta do Tocantins (COMADETINS). O evento ser\u00e1 realizado no Aureny III, em Palmas, entre os dias 21 a 22 de agosto de 2026. A expectativa \u00e9 que re\u00fana milhares de jovens para dias de impacto espiritual. &nbsp; O presidente do [&hellip;]<\/p>\n","protected":false},"author":2,"featured_media":22851,"comment_status":"open","ping_status":"open","sticky":false,"template":"","format":"standard","meta":[],"categories":[5],"tags":[],"_links":{"self":[{"href":"https:\/\/dgospel.com.br\/portal\/index.php\/wp-json\/wp\/v2\/posts\/22850"}],"collection":[{"href":"https:\/\/dgospel.com.br\/portal\/index.php\/wp-json\/wp\/v2\/posts"}],"about":[{"href":"https:\/\/dgospel.com.br\/portal\/index.php\/wp-json\/wp\/v2\/types\/post"}],"author":[{"embeddable":true,"href":"https:\/\/dgospel.com.br\/portal\/index.php\/wp-json\/wp\/v2\/users\/2"}],"replies":[{"embeddable":true,"href":"https:\/\/dgospel.com.br\/portal\/index.php\/wp-json\/wp\/v2\/comments?post=22850"}],"version-history":[{"count":1,"href":"https:\/\/dgospel.com.br\/portal\/index.php\/wp-json\/wp\/v2\/posts\/22850\/revisions"}],"predecessor-version":[{"id":22853,"href":"https:\/\/dgospel.com.br\/portal\/index.php\/wp-json\/wp\/v2\/posts\/22850\/revisions\/22853"}],"wp:featuredmedia":[{"embeddable":true,"href":"https:\/\/dgospel.com.br\/portal\/index.php\/wp-json\/wp\/v2\/media\/22851"}],"wp:attachment":[{"href":"https:\/\/dgospel.com.br\/portal\/index.php\/wp-json\/wp\/v2\/media?parent=22850"}],"wp:term":[{"taxonomy":"category","embeddable":true,"href":"https:\/\/dgospel.com.br\/portal\/index.php\/wp-json\/wp\/v2\/categories?post=22850"},{"taxonomy":"post_tag","embeddable":true,"href":"https:\/\/dgospel.com.br\/portal\/index.php\/wp-json\/wp\/v2\/tags?post=22850"}],"curies":[{"name":"wp","href":"https:\/\/api.w.org\/{rel}","templated":true}]}}