{"id":22857,"date":"2026-02-24T17:12:00","date_gmt":"2026-02-24T20:12:00","guid":{"rendered":"https:\/\/dgospel.com.br\/portal\/?p=22857"},"modified":"2026-02-24T17:13:23","modified_gmt":"2026-02-24T20:13:23","slug":"deputado-gipao-propoe-programa-estadual-de-amparo-a-filhos-de-vitimas-de-feminicidio","status":"publish","type":"post","link":"https:\/\/dgospel.com.br\/portal\/index.php\/2026\/02\/24\/deputado-gipao-propoe-programa-estadual-de-amparo-a-filhos-de-vitimas-de-feminicidio\/","title":{"rendered":"Deputado Gip\u00e3o prop\u00f5e programa estadual de amparo a filhos de v\u00edtimas de feminic\u00eddio"},"content":{"rendered":"\n<p>O deputado estadual Gip\u00e3o apresentou, na Assembleia Legislativa do Tocantins, Projeto de Lei que institui o Programa Estadual de Prote\u00e7\u00e3o e Amparo \u00e0s Crian\u00e7as, Adolescentes e Dependentes de V\u00edtimas de Feminic\u00eddio. A proposta tem como objetivo garantir prote\u00e7\u00e3o integral e suporte multidisciplinar aos filhos e dependentes legais de mulheres v\u00edtimas desse tipo de viol\u00eancia no estado.<\/p>\n\n\n\n<p>O parlamentar argumentar que a iniciativa busca enfrentar as consequ\u00eancias sociais e emocionais deixadas pelo feminic\u00eddio.<br>\u201cO feminic\u00eddio n\u00e3o encerra a viol\u00eancia com a perda da v\u00edtima. Ele deixa filhos e dependentes em situa\u00e7\u00e3o de profunda vulnerabilidade emocional e social. Este projeto \u00e9 um compromisso do estado com essas crian\u00e7as e fam\u00edlias que precisam de amparo imediato e cont\u00ednuo. Estamos propondo uma pol\u00edtica p\u00fablica estruturada, com prote\u00e7\u00e3o integral, apoio psicossocial e aux\u00edlio emergencial, para que essas fam\u00edlias tenham condi\u00e7\u00f5es de reconstruir suas vidas com dignidade\u201d, disse Gip\u00e3o.<\/p>\n\n\n\n<p>O programa prev\u00ea atua\u00e7\u00e3o integrada entre \u00f3rg\u00e3os estaduais e municipais, sob coordena\u00e7\u00e3o da Secretaria de Estado de Assist\u00eancia e Desenvolvimento Social, com participa\u00e7\u00e3o das \u00e1reas de Educa\u00e7\u00e3o, Sa\u00fade e Justi\u00e7a e Cidadania, e tamb\u00e9m autoriza a celebra\u00e7\u00e3o de parcerias com entidades da sociedade civil para ampliar o alcance das a\u00e7\u00f5es.<\/p>\n\n\n\n<p>Entre os direitos assegurados aos benefici\u00e1rios est\u00e3o o acompanhamento multiprofissional pelo Sistema \u00danico de Assist\u00eancia Social (SUAS), prioridade na rede p\u00fablica de ensino e sa\u00fade, acesso a programas habitacionais e orienta\u00e7\u00e3o jur\u00eddica, al\u00e9m do benef\u00edcio financeiro emergencial, que ser\u00e1 regulamentado pelo Poder Executivo.<\/p>\n\n\n\n<p>Segundo o texto, os munic\u00edpios ter\u00e3o papel fundamental na identifica\u00e7\u00e3o e acompanhamento das fam\u00edlias, devendo realizar cadastro dos benefici\u00e1rios, visitas domiciliares e envio de relat\u00f3rios peri\u00f3dicos ao Estado.<\/p>\n\n\n\n<p>O PL seguir\u00e1 o tr\u00e2mite interno na Aleto, at\u00e9 ser submetido \u00e0 san\u00e7\u00e3o ou veto do governador.<\/p>\n","protected":false},"excerpt":{"rendered":"<p>O deputado estadual Gip\u00e3o apresentou, na Assembleia Legislativa do Tocantins, Projeto de Lei que institui o Programa Estadual de Prote\u00e7\u00e3o e Amparo \u00e0s Crian\u00e7as, Adolescentes e Dependentes de V\u00edtimas de Feminic\u00eddio. A proposta tem como objetivo garantir prote\u00e7\u00e3o integral e suporte multidisciplinar aos filhos e dependentes legais de mulheres v\u00edtimas desse tipo de viol\u00eancia no [&hellip;]<\/p>\n","protected":false},"author":2,"featured_media":22858,"comment_status":"open","ping_status":"open","sticky":false,"template":"","format":"standard","meta":[],"categories":[8],"tags":[],"_links":{"self":[{"href":"https:\/\/dgospel.com.br\/portal\/index.php\/wp-json\/wp\/v2\/posts\/22857"}],"collection":[{"href":"https:\/\/dgospel.com.br\/portal\/index.php\/wp-json\/wp\/v2\/posts"}],"about":[{"href":"https:\/\/dgospel.com.br\/portal\/index.php\/wp-json\/wp\/v2\/types\/post"}],"author":[{"embeddable":true,"href":"https:\/\/dgospel.com.br\/portal\/index.php\/wp-json\/wp\/v2\/users\/2"}],"replies":[{"embeddable":true,"href":"https:\/\/dgospel.com.br\/portal\/index.php\/wp-json\/wp\/v2\/comments?post=22857"}],"version-history":[{"count":1,"href":"https:\/\/dgospel.com.br\/portal\/index.php\/wp-json\/wp\/v2\/posts\/22857\/revisions"}],"predecessor-version":[{"id":22859,"href":"https:\/\/dgospel.com.br\/portal\/index.php\/wp-json\/wp\/v2\/posts\/22857\/revisions\/22859"}],"wp:featuredmedia":[{"embeddable":true,"href":"https:\/\/dgospel.com.br\/portal\/index.php\/wp-json\/wp\/v2\/media\/22858"}],"wp:attachment":[{"href":"https:\/\/dgospel.com.br\/portal\/index.php\/wp-json\/wp\/v2\/media?parent=22857"}],"wp:term":[{"taxonomy":"category","embeddable":true,"href":"https:\/\/dgospel.com.br\/portal\/index.php\/wp-json\/wp\/v2\/categories?post=22857"},{"taxonomy":"post_tag","embeddable":true,"href":"https:\/\/dgospel.com.br\/portal\/index.php\/wp-json\/wp\/v2\/tags?post=22857"}],"curies":[{"name":"wp","href":"https:\/\/api.w.org\/{rel}","templated":true}]}}