{"id":22870,"date":"2026-02-25T12:02:51","date_gmt":"2026-02-25T15:02:51","guid":{"rendered":"https:\/\/dgospel.com.br\/portal\/?p=22870"},"modified":"2026-02-25T12:02:52","modified_gmt":"2026-02-25T15:02:52","slug":"wanderlei-barbosa-anuncia-a-convocacao-de-130-aprovados-do-concurso-da-educacao-e-lanca-edital-de-redistribuicao-com-cerca-de-450-vagas","status":"publish","type":"post","link":"https:\/\/dgospel.com.br\/portal\/index.php\/2026\/02\/25\/wanderlei-barbosa-anuncia-a-convocacao-de-130-aprovados-do-concurso-da-educacao-e-lanca-edital-de-redistribuicao-com-cerca-de-450-vagas\/","title":{"rendered":"Wanderlei Barbosa anuncia a convoca\u00e7\u00e3o de 130 aprovados do concurso da Educa\u00e7\u00e3o e lan\u00e7a edital de redistribui\u00e7\u00e3o com cerca de 450 vagas"},"content":{"rendered":"\n<p>O governador do Tocantins, Wanderlei Barbosa, anunciou, nesta ter\u00e7a-feira, 24,<strong>&nbsp;<\/strong>a convoca\u00e7\u00e3o de 130 candidatos aprovados no concurso p\u00fablico da Educa\u00e7\u00e3o. A chamada levou em considera\u00e7\u00e3o dados atualizados de vac\u00e2ncias, exonera\u00e7\u00f5es, licen\u00e7as e demandas de matr\u00edcula em todo o estado.<\/p>\n\n\n\n<p>Esta \u00e9 a 9\u00aa chamada do certame realizado em 2023. Com esta convoca\u00e7\u00e3o, o total de profissionais da Educa\u00e7\u00e3o convocados chega a 4.524, sendo 1.232 classificados fora do n\u00famero inicial de vagas, considerando tamb\u00e9m os 130 chamados nesta etapa.<\/p>\n\n\n\n<p>O chefe do Poder Executivo, Wanderlei Barbosa, destacou que a convoca\u00e7\u00e3o \u00e9 um compromisso do Governo do Tocantins com a valoriza\u00e7\u00e3o dos profissionais da Educa\u00e7\u00e3o e com a melhoria cont\u00ednua do ensino p\u00fablico. \u201cEstamos avan\u00e7ando de forma respons\u00e1vel, com planejamento e di\u00e1logo, para garantir que as escolas tenham professores e equipes pedag\u00f3gicas suficientes para atender nossos estudantes em todas as regi\u00f5es do Tocantins\u201d, afirmou.<\/p>\n\n\n\n<p><strong>Edital de redistribui\u00e7\u00e3o<\/strong><\/p>\n\n\n\n<p>Al\u00e9m da convoca\u00e7\u00e3o, est\u00e1 previsto para os pr\u00f3ximos 30 dias o lan\u00e7amento do edital de redistribui\u00e7\u00e3o, que prev\u00ea o preenchimento de aproximadamente 450 vagas atualmente n\u00e3o ocupadas na rede estadual de ensino. A elabora\u00e7\u00e3o do edital conta com apoio t\u00e9cnico da Funda\u00e7\u00e3o Get\u00falio Vargas (FGV).<\/p>\n\n\n\n<p>As vagas est\u00e3o distribu\u00eddas entre jornadas de 90 e 180 horas, contemplando os componentes curriculares de Artes, Ci\u00eancias, Educa\u00e7\u00e3o F\u00edsica, Filosofia, Geografia, Hist\u00f3ria, Letras Portugu\u00eas, Letras Ingl\u00eas, Letras Libras, Qu\u00edmica, Sociologia, Coordenador Pedag\u00f3gico e Orientador Pedag\u00f3gico.<\/p>\n\n\n\n<p>O secret\u00e1rio de Estado da Educa\u00e7\u00e3o, F\u00e1bio Vaz, ressaltou que a redistribui\u00e7\u00e3o \u00e9 uma etapa fundamental para otimizar a ocupa\u00e7\u00e3o das vagas e atender de forma mais equilibrada as necessidades dos munic\u00edpios. \u201cO edital de redistribui\u00e7\u00e3o \u00e9 um instrumento estrat\u00e9gico para corrigir distor\u00e7\u00f5es, reorganizar a lota\u00e7\u00e3o dos profissionais e assegurar que as escolas tenham professores nas \u00e1reas onde h\u00e1 maior demanda. Tudo est\u00e1 sendo feito com base em crit\u00e9rios t\u00e9cnicos e transpar\u00eancia\u201d, enfatizou o secret\u00e1rio.<\/p>\n\n\n\n<p><img src=\"https:\/\/central.to.gov.br\/image\/466078?w=670&amp;h=414\"><\/p>\n\n\n\n<p>Com nova convoca\u00e7\u00e3o de 130 aprovados, Governo do Tocantins ultrapassa 4,5 mil nomea\u00e7\u00f5es na Educa\u00e7\u00e3o &#8211; Antonio Gon\u00e7alves\/Governo do Tocantins&nbsp;<a href=\"https:\/\/central.to.gov.br\/image\/466078?f=1\" target=\"_blank\" rel=\"noreferrer noopener\"><em>file_download<\/em><\/a><\/p>\n\n\n\n<p><img src=\"https:\/\/central.to.gov.br\/image\/466072?w=670&amp;h=414\"><\/p>\n\n\n\n<p>Secret\u00e1rio de Estado da Educa\u00e7\u00e3o, F\u00e1bio Vaz, ressaltou que a redistribui\u00e7\u00e3o \u00e9 uma etapa fundamental para otimizar a ocupa\u00e7\u00e3o das vagas e atender de forma mais equilibrada as necessidades dos munic\u00edpios &#8211; Antonio Gon\u00e7alves\/Governo do Tocantins&nbsp;<a href=\"https:\/\/central.to.gov.br\/image\/466072?f=1\" target=\"_blank\" rel=\"noreferrer noopener\"><em>file_downloa<\/em><\/a><\/p>\n","protected":false},"excerpt":{"rendered":"<p>O governador do Tocantins, Wanderlei Barbosa, anunciou, nesta ter\u00e7a-feira, 24,&nbsp;a convoca\u00e7\u00e3o de 130 candidatos aprovados no concurso p\u00fablico da Educa\u00e7\u00e3o. A chamada levou em considera\u00e7\u00e3o dados atualizados de vac\u00e2ncias, exonera\u00e7\u00f5es, licen\u00e7as e demandas de matr\u00edcula em todo o estado. Esta \u00e9 a 9\u00aa chamada do certame realizado em 2023. Com esta convoca\u00e7\u00e3o, o total de [&hellip;]<\/p>\n","protected":false},"author":2,"featured_media":22871,"comment_status":"open","ping_status":"open","sticky":false,"template":"","format":"standard","meta":[],"categories":[3],"tags":[13],"_links":{"self":[{"href":"https:\/\/dgospel.com.br\/portal\/index.php\/wp-json\/wp\/v2\/posts\/22870"}],"collection":[{"href":"https:\/\/dgospel.com.br\/portal\/index.php\/wp-json\/wp\/v2\/posts"}],"about":[{"href":"https:\/\/dgospel.com.br\/portal\/index.php\/wp-json\/wp\/v2\/types\/post"}],"author":[{"embeddable":true,"href":"https:\/\/dgospel.com.br\/portal\/index.php\/wp-json\/wp\/v2\/users\/2"}],"replies":[{"embeddable":true,"href":"https:\/\/dgospel.com.br\/portal\/index.php\/wp-json\/wp\/v2\/comments?post=22870"}],"version-history":[{"count":1,"href":"https:\/\/dgospel.com.br\/portal\/index.php\/wp-json\/wp\/v2\/posts\/22870\/revisions"}],"predecessor-version":[{"id":22872,"href":"https:\/\/dgospel.com.br\/portal\/index.php\/wp-json\/wp\/v2\/posts\/22870\/revisions\/22872"}],"wp:featuredmedia":[{"embeddable":true,"href":"https:\/\/dgospel.com.br\/portal\/index.php\/wp-json\/wp\/v2\/media\/22871"}],"wp:attachment":[{"href":"https:\/\/dgospel.com.br\/portal\/index.php\/wp-json\/wp\/v2\/media?parent=22870"}],"wp:term":[{"taxonomy":"category","embeddable":true,"href":"https:\/\/dgospel.com.br\/portal\/index.php\/wp-json\/wp\/v2\/categories?post=22870"},{"taxonomy":"post_tag","embeddable":true,"href":"https:\/\/dgospel.com.br\/portal\/index.php\/wp-json\/wp\/v2\/tags?post=22870"}],"curies":[{"name":"wp","href":"https:\/\/api.w.org\/{rel}","templated":true}]}}