{"id":22889,"date":"2026-03-05T10:15:53","date_gmt":"2026-03-05T13:15:53","guid":{"rendered":"https:\/\/dgospel.com.br\/portal\/?p=22889"},"modified":"2026-03-05T10:15:55","modified_gmt":"2026-03-05T13:15:55","slug":"alunos-oram-por-pais-na-saida-de-escola-no-parana-sentimos-a-presenca-de-deus","status":"publish","type":"post","link":"https:\/\/dgospel.com.br\/portal\/index.php\/2026\/03\/05\/alunos-oram-por-pais-na-saida-de-escola-no-parana-sentimos-a-presenca-de-deus\/","title":{"rendered":"Alunos oram por pais na sa\u00edda de escola no Paran\u00e1: \u201cSentimos a presen\u00e7a de Deus\u201d"},"content":{"rendered":"\n<p>Alunos ofereceram&nbsp;<a href=\"https:\/\/guiame.com.br\/gospel\/mundo-cristao\/bombeiros-oram-antes-de-buscas-por-criancas-soterradas-em-mg.html\"><strong>ora\u00e7\u00f5es<\/strong><\/a>&nbsp;aos pais na sa\u00edda de uma&nbsp;<a href=\"https:\/\/guiame.com.br\/gospel\/noticias\/stf-anula-leis-municipais-que-proibiam-linguagem-neutra-nas-escolas.html\"><strong>escola<\/strong><\/a>&nbsp;crist\u00e3 em Maring\u00e1, no Paran\u00e1, na semana passada.<\/p>\n\n\n\n<p>Um grupo de&nbsp;<a href=\"https:\/\/guiame.com.br\/gospel\/mundo-cristao\/seja-missionario-em-sua-escola-e-universidade-diz-hernandes-dias-lopes-no-send.html\"><strong>estudantes<\/strong><\/a>&nbsp;abordou os pais enquanto eles buscavam os filhos na escola para orar pelas fam\u00edlias.<\/p>\n\n\n\n<p>Na cal\u00e7ada e na beira dos carros, os alunos oraram pelos pais e filhos, intercedendo pelas b\u00ean\u00e7\u00e3os do Senhor sobre cada fam\u00edlia.<\/p>\n\n\n\n<p>O momento de f\u00e9 aconteceu no Col\u00e9gio Adventista de Maring\u00e1 e fez parte do projeto \u201c10 Dias de Ora\u00e7\u00e3o\u201d, promovido pela institui\u00e7\u00e3o durante o m\u00eas de fevereiro.<\/p>\n\n\n\n<p>\u201cBom dia, tudo bem? Prazer, meu nome \u00e9 Felipe, eu sou estudante aqui do col\u00e9gio. A gente est\u00e1 dando um presente pras pessoas, o senhor aceita? Posso fazer uma ora\u00e7\u00e3o com o senhor\u201d, disse um dos alunos ao abordar um pai.<\/p>\n\n\n\n<p>Em frente \u00e0 janela do carro, o adolescente orou: \u201cQuerido Deus, Pai de amor, muito obrigado por esse dia, estou aqui com o Jonathan, que o Senhor aben\u00e7oe ele, sua fam\u00edlia, derramando b\u00ean\u00e7\u00e3o sobre ele. \u00c9 isso que te pe\u00e7o no doce nome de Jesus, am\u00e9m\u201d.&nbsp;<\/p>\n\n\n\n<p>Durante a a\u00e7\u00e3o, os estudantes tamb\u00e9m distribu\u00edram aromatizadores de carro para os pais com quem oraram.<\/p>\n\n\n\n<p>\u201cPequenos gestos que fortalecem a f\u00e9, aproximam fam\u00edlias e levam esperan\u00e7a para o dia a dia\u201d, afirmou o col\u00e9gio no Instagram.<\/p>\n\n\n\n<p><strong>10 Dias de Ora\u00e7\u00e3o<\/strong><\/p>\n\n\n\n<p>O projeto \u201c10 Dias de Ora\u00e7\u00e3o\u201d contou com diversas a\u00e7\u00f5es e teve o prop\u00f3sito de interceder pelas fam\u00edlias da escola.<\/p>\n\n\n\n<p>\u201cDurante esses dez dias n\u00f3s estamos vivendo algo muito especial aqui no nosso col\u00e9gio. N\u00f3s tivemos pelo menos duas paradas ao longo do dia, onde os alunos de manh\u00e3 e \u00e0 tarde tinham um momento de comunh\u00e3o com Deus. Tivemos momentos especiais de ora\u00e7\u00e3o com cada turma do nosso col\u00e9gio, desde os pequenos at\u00e9 os maiores\u201d, contou o pastor Jordann Britto, em v\u00eddeo compartilhado no Instagram do col\u00e9gio.<\/p>\n\n\n\n<p>Os estudantes tamb\u00e9m fizeram ora\u00e7\u00f5es com pastores de Maring\u00e1 e com os funcion\u00e1rios da institui\u00e7\u00e3o.<\/p>\n\n\n\n<p>\u201cTudo isso que vivemos ao longo desses dez dias foi muito especial, pois sentimos a presen\u00e7a de Deus aqui no nosso col\u00e9gio. E certamente, visualizamos um pouquinho aquilo que Deus pode fazer por meio da ora\u00e7\u00e3o\u201d, declarou o pastor.<\/p>\n\n\n\n<p><a href=\"https:\/\/www.instagram.com\/p\/DVHEm18mnFd\/?utm_source=ig_embed&amp;ig_rid=d0cd96c3-769f-40a2-83ed-d60c1711626e\">https:\/\/www.instagram.com\/p\/DVHEm18mnFd\/?utm_source=ig_embed&amp;ig_rid=d0cd96c3-769f-40a2-83ed-d60c1711626e<\/a><\/p>\n","protected":false},"excerpt":{"rendered":"<p>Alunos ofereceram&nbsp;ora\u00e7\u00f5es&nbsp;aos pais na sa\u00edda de uma&nbsp;escola&nbsp;crist\u00e3 em Maring\u00e1, no Paran\u00e1, na semana passada. Um grupo de&nbsp;estudantes&nbsp;abordou os pais enquanto eles buscavam os filhos na escola para orar pelas fam\u00edlias. Na cal\u00e7ada e na beira dos carros, os alunos oraram pelos pais e filhos, intercedendo pelas b\u00ean\u00e7\u00e3os do Senhor sobre cada fam\u00edlia. O momento de [&hellip;]<\/p>\n","protected":false},"author":2,"featured_media":22890,"comment_status":"open","ping_status":"open","sticky":false,"template":"","format":"standard","meta":[],"categories":[12,5],"tags":[],"_links":{"self":[{"href":"https:\/\/dgospel.com.br\/portal\/index.php\/wp-json\/wp\/v2\/posts\/22889"}],"collection":[{"href":"https:\/\/dgospel.com.br\/portal\/index.php\/wp-json\/wp\/v2\/posts"}],"about":[{"href":"https:\/\/dgospel.com.br\/portal\/index.php\/wp-json\/wp\/v2\/types\/post"}],"author":[{"embeddable":true,"href":"https:\/\/dgospel.com.br\/portal\/index.php\/wp-json\/wp\/v2\/users\/2"}],"replies":[{"embeddable":true,"href":"https:\/\/dgospel.com.br\/portal\/index.php\/wp-json\/wp\/v2\/comments?post=22889"}],"version-history":[{"count":1,"href":"https:\/\/dgospel.com.br\/portal\/index.php\/wp-json\/wp\/v2\/posts\/22889\/revisions"}],"predecessor-version":[{"id":22891,"href":"https:\/\/dgospel.com.br\/portal\/index.php\/wp-json\/wp\/v2\/posts\/22889\/revisions\/22891"}],"wp:featuredmedia":[{"embeddable":true,"href":"https:\/\/dgospel.com.br\/portal\/index.php\/wp-json\/wp\/v2\/media\/22890"}],"wp:attachment":[{"href":"https:\/\/dgospel.com.br\/portal\/index.php\/wp-json\/wp\/v2\/media?parent=22889"}],"wp:term":[{"taxonomy":"category","embeddable":true,"href":"https:\/\/dgospel.com.br\/portal\/index.php\/wp-json\/wp\/v2\/categories?post=22889"},{"taxonomy":"post_tag","embeddable":true,"href":"https:\/\/dgospel.com.br\/portal\/index.php\/wp-json\/wp\/v2\/tags?post=22889"}],"curies":[{"name":"wp","href":"https:\/\/api.w.org\/{rel}","templated":true}]}}