{"id":22892,"date":"2026-03-05T15:45:30","date_gmt":"2026-03-05T18:45:30","guid":{"rendered":"https:\/\/dgospel.com.br\/portal\/?p=22892"},"modified":"2026-03-05T15:45:32","modified_gmt":"2026-03-05T18:45:32","slug":"igreja-assembleia-de-deus-ministerio-do-belem-batiza-mais-de-1-300-pessoas-em-sp-vidas-que-nasceram-de-novo","status":"publish","type":"post","link":"https:\/\/dgospel.com.br\/portal\/index.php\/2026\/03\/05\/igreja-assembleia-de-deus-ministerio-do-belem-batiza-mais-de-1-300-pessoas-em-sp-vidas-que-nasceram-de-novo\/","title":{"rendered":"Igreja Assembleia de Deus Minist\u00e9rio do Bel\u00e9m batiza mais de 1.300 pessoas em SP: \u201cVidas que nasceram de novo\u201d"},"content":{"rendered":"\n<p>Mais de 1.300 pessoas foram batizadas em um grande&nbsp;<a href=\"https:\/\/guiame.com.br\/gospel\/mundo-cristao\/jogador-do-palmeiras-e-batizado-em-sp-nova-criatura.html\"><strong>batismo<\/strong><\/a>&nbsp;realizado pela Igreja Assembleia de Deus Minist\u00e9rio do Bel\u00e9m, em S\u00e3o Paulo.<\/p>\n\n\n\n<p>No dia 22 de fevereiro, uma multid\u00e3o se reuniu na sede da denomina\u00e7\u00e3o para celebrar os&nbsp;<a href=\"https:\/\/guiame.com.br\/gospel\/mundo-cristao\/idosa-de-101-anos-emociona-ao-ser-batizada-em-pernambuco-creio-na-minha-salvacao.html\"><strong>novos nascimentos<\/strong><\/a>.<\/p>\n\n\n\n<p>No total, pastores batizaram 1.344 novos convertidos, 690 homens e 654 mulheres entre adultos, adolescentes e idosos.<\/p>\n\n\n\n<p>\u201cUma morte para o mundo e um nascimento para o Reino! Cada rosto carrega um sorriso de al\u00edvio e um cora\u00e7\u00e3o cheio de novos prop\u00f3sitos. O que ficou para tr\u00e1s nas \u00e1guas n\u00e3o volta mais, pois agora h\u00e1 uma nova criatura em Cristo\u201d, declarou a igreja, em postagem no Instagram.<\/p>\n\n\n\n<p>\u201cDia de festa no C\u00e9u e na Terra! Vidas decididas, cora\u00e7\u00f5es renovados e a certeza de que o melhor de Deus ainda est\u00e1 por vir!\u201d.<\/p>\n\n\n\n<p>A cerim\u00f4nia do primeiro batismo de 2026 da igreja contou com momentos de louvor e prega\u00e7\u00e3o da Palavra.&nbsp;<\/p>\n\n\n\n<p>\u201cPara que voc\u00ea tenha uma vida de verdadeira comunh\u00e3o com Deus, voc\u00ea precisa tirar o pecado da sua vida\u201d, ministrou o pastor Jos\u00e9 Wellington da Costa aos batizados.<\/p>\n\n\n\n<p><a href=\"https:\/\/www.instagram.com\/reels\/DVGSSkdCDCC\/\">https:\/\/www.instagram.com\/reels\/DVGSSkdCDCC\/<\/a><\/p>\n","protected":false},"excerpt":{"rendered":"<p>Mais de 1.300 pessoas foram batizadas em um grande&nbsp;batismo&nbsp;realizado pela Igreja Assembleia de Deus Minist\u00e9rio do Bel\u00e9m, em S\u00e3o Paulo. No dia 22 de fevereiro, uma multid\u00e3o se reuniu na sede da denomina\u00e7\u00e3o para celebrar os&nbsp;novos nascimentos. No total, pastores batizaram 1.344 novos convertidos, 690 homens e 654 mulheres entre adultos, adolescentes e idosos. \u201cUma [&hellip;]<\/p>\n","protected":false},"author":2,"featured_media":22893,"comment_status":"open","ping_status":"open","sticky":false,"template":"","format":"standard","meta":[],"categories":[10],"tags":[13],"_links":{"self":[{"href":"https:\/\/dgospel.com.br\/portal\/index.php\/wp-json\/wp\/v2\/posts\/22892"}],"collection":[{"href":"https:\/\/dgospel.com.br\/portal\/index.php\/wp-json\/wp\/v2\/posts"}],"about":[{"href":"https:\/\/dgospel.com.br\/portal\/index.php\/wp-json\/wp\/v2\/types\/post"}],"author":[{"embeddable":true,"href":"https:\/\/dgospel.com.br\/portal\/index.php\/wp-json\/wp\/v2\/users\/2"}],"replies":[{"embeddable":true,"href":"https:\/\/dgospel.com.br\/portal\/index.php\/wp-json\/wp\/v2\/comments?post=22892"}],"version-history":[{"count":1,"href":"https:\/\/dgospel.com.br\/portal\/index.php\/wp-json\/wp\/v2\/posts\/22892\/revisions"}],"predecessor-version":[{"id":22894,"href":"https:\/\/dgospel.com.br\/portal\/index.php\/wp-json\/wp\/v2\/posts\/22892\/revisions\/22894"}],"wp:featuredmedia":[{"embeddable":true,"href":"https:\/\/dgospel.com.br\/portal\/index.php\/wp-json\/wp\/v2\/media\/22893"}],"wp:attachment":[{"href":"https:\/\/dgospel.com.br\/portal\/index.php\/wp-json\/wp\/v2\/media?parent=22892"}],"wp:term":[{"taxonomy":"category","embeddable":true,"href":"https:\/\/dgospel.com.br\/portal\/index.php\/wp-json\/wp\/v2\/categories?post=22892"},{"taxonomy":"post_tag","embeddable":true,"href":"https:\/\/dgospel.com.br\/portal\/index.php\/wp-json\/wp\/v2\/tags?post=22892"}],"curies":[{"name":"wp","href":"https:\/\/api.w.org\/{rel}","templated":true}]}}