{"id":2290,"date":"2019-01-11T17:32:43","date_gmt":"2019-01-11T19:32:43","guid":{"rendered":"http:\/\/dgospel.com.br\/portal\/?p=2290"},"modified":"2019-01-11T17:32:43","modified_gmt":"2019-01-11T19:32:43","slug":"decreto-da-posse-de-armas-sera-editado-ate-o-dia-15-diz-onyx","status":"publish","type":"post","link":"https:\/\/dgospel.com.br\/portal\/index.php\/2019\/01\/11\/decreto-da-posse-de-armas-sera-editado-ate-o-dia-15-diz-onyx\/","title":{"rendered":"Decreto da posse de armas ser\u00e1 editado at\u00e9 o dia 15, diz Onyx"},"content":{"rendered":"<p>O presidente Jair Bolsonaro deve assinar, at\u00e9 a pr\u00f3xima ter\u00e7a-feira (15), o\u00a0<a href=\"https:\/\/noticias.r7.com\/brasil\/moro-quer-criterio-mais-objetivo-para-justificativa-de-posse-de-arma-09012019\">decreto que regulamenta a posse de armas de fogo no Brasil<\/a>, informou o ministro-chefe da Casa Civil, Onyx Lorenzoni.<\/p>\n<p>O<a href=\"https:\/\/noticias.r7.com\/brasil\/decreto-que-flexibiliza-posse-de-armas-deve-sair-nos-proximos-dias-08012019\">\u00a0ministro fez a afirma\u00e7\u00e3o<\/a>\u00a0ap\u00f3s a cerim\u00f4nia de posse do novo comandante do Ex\u00e9rcito, general Edson Leal Pujol, em Bras\u00edlia, na qual estavam o presidente Jair Bolsonaro e v\u00e1rias autoridades federais.<\/p>\n<p>Segundo o deputado Alberto Fraga (DEM-DF), que foi recebido h\u00e1 quatro dias pelo presidente Bolsonaro, o texto deve incluir anistia a portadores de armas irregulares, permitindo que o cidad\u00e3o que tem arma em casa, sem registro ou com o documento vencido, fa\u00e7a o recadastramento.<\/p>\n<p>De acordo com Fraga,\u00a0<a href=\"https:\/\/noticias.r7.com\/brasil\/bolsonaro-quer-garantir-posse-de-armas-de-fogo-por-decreto-29122018\">o decreto tamb\u00e9m deve acrescentar um dispositivo\u00a0<\/a>que vai tirar do delegado da Pol\u00edcia Federal o poder de decidir se a pessoa poder\u00e1 obter a posse, al\u00e9m de elevar o prazo do registro da arma de tr\u00eas para 10 anos.<\/p>\n<p>Fraga acrescentou que o decreto dever\u00e1 ainda suprimir a necessidade comprovada para obten\u00e7\u00e3o de posse de arma de fogo. Segundo o deputado, bastar\u00e1 o cidad\u00e3o informar o motivo pelo qual deseja ter uma arma em casa. A justificativa n\u00e3o ser\u00e1 mais um impeditivo.<\/p>\n<p>A legisla\u00e7\u00e3o \u00e9 clara ao distinguir posse e porte de arma. A posse de arma de fogo, tratada no futuro decreto, permite ao cidad\u00e3o ter a arma em casa ou no local de trabalho. O porte, que n\u00e3o ser\u00e1 contemplado nesse decreto, diz respeito \u00e0 circula\u00e7\u00e3o com arma de fogo fora de casa ou do trabalho.<\/p>\n<p>&nbsp;<\/p>\n<p>Fonte: r7<\/p>\n","protected":false},"excerpt":{"rendered":"<p>O presidente Jair Bolsonaro deve assinar, at\u00e9 a pr\u00f3xima ter\u00e7a-feira (15), o\u00a0decreto que regulamenta a posse de armas de fogo no Brasil, informou o ministro-chefe da Casa Civil, Onyx Lorenzoni. O\u00a0ministro fez a afirma\u00e7\u00e3o\u00a0ap\u00f3s a cerim\u00f4nia de posse do novo comandante do Ex\u00e9rcito, general Edson Leal Pujol, em Bras\u00edlia, na qual estavam o presidente Jair [&hellip;]<\/p>\n","protected":false},"author":2,"featured_media":2291,"comment_status":"open","ping_status":"open","sticky":false,"template":"","format":"standard","meta":[],"categories":[2,6,4],"tags":[],"_links":{"self":[{"href":"https:\/\/dgospel.com.br\/portal\/index.php\/wp-json\/wp\/v2\/posts\/2290"}],"collection":[{"href":"https:\/\/dgospel.com.br\/portal\/index.php\/wp-json\/wp\/v2\/posts"}],"about":[{"href":"https:\/\/dgospel.com.br\/portal\/index.php\/wp-json\/wp\/v2\/types\/post"}],"author":[{"embeddable":true,"href":"https:\/\/dgospel.com.br\/portal\/index.php\/wp-json\/wp\/v2\/users\/2"}],"replies":[{"embeddable":true,"href":"https:\/\/dgospel.com.br\/portal\/index.php\/wp-json\/wp\/v2\/comments?post=2290"}],"version-history":[{"count":1,"href":"https:\/\/dgospel.com.br\/portal\/index.php\/wp-json\/wp\/v2\/posts\/2290\/revisions"}],"predecessor-version":[{"id":2292,"href":"https:\/\/dgospel.com.br\/portal\/index.php\/wp-json\/wp\/v2\/posts\/2290\/revisions\/2292"}],"wp:featuredmedia":[{"embeddable":true,"href":"https:\/\/dgospel.com.br\/portal\/index.php\/wp-json\/wp\/v2\/media\/2291"}],"wp:attachment":[{"href":"https:\/\/dgospel.com.br\/portal\/index.php\/wp-json\/wp\/v2\/media?parent=2290"}],"wp:term":[{"taxonomy":"category","embeddable":true,"href":"https:\/\/dgospel.com.br\/portal\/index.php\/wp-json\/wp\/v2\/categories?post=2290"},{"taxonomy":"post_tag","embeddable":true,"href":"https:\/\/dgospel.com.br\/portal\/index.php\/wp-json\/wp\/v2\/tags?post=2290"}],"curies":[{"name":"wp","href":"https:\/\/api.w.org\/{rel}","templated":true}]}}