{"id":22901,"date":"2026-03-06T11:47:59","date_gmt":"2026-03-06T14:47:59","guid":{"rendered":"https:\/\/dgospel.com.br\/portal\/?p=22901"},"modified":"2026-03-06T11:47:59","modified_gmt":"2026-03-06T14:47:59","slug":"gastos-do-governo-ja-ultrapassaram-r-1-trilhao-em-2026","status":"publish","type":"post","link":"https:\/\/dgospel.com.br\/portal\/index.php\/2026\/03\/06\/gastos-do-governo-ja-ultrapassaram-r-1-trilhao-em-2026\/","title":{"rendered":"Gastos do governo j\u00e1 ultrapassaram R$ 1 trilh\u00e3o em 2026"},"content":{"rendered":"\n<p>Os gastos do setor p\u00fablico brasileiro\u00a0<strong>ultrapassaram a marca de R$ 1 trilh\u00e3o em 2026<\/strong>\u00a0nesta quarta-feira (4), de acordo com dados da plataforma\u00a0<strong>Gasto Brasil<\/strong>, mantida pela\u00a0<strong>Associa\u00e7\u00e3o Comercial de S\u00e3o Paulo (ACSP)<\/strong>\u00a0e pela\u00a0<strong>Confedera\u00e7\u00e3o das Associa\u00e7\u00f5es Comerciais e Empresariais do Brasil (CACB)<\/strong>.<\/p>\n\n\n\n<p>O levantamento contabiliza as&nbsp;<strong>despesas prim\u00e1rias das tr\u00eas esferas de governo \u2014 federal, estadual e municipal<\/strong>&nbsp;\u2014 e evidencia a velocidade do avan\u00e7o do gasto p\u00fablico nos primeiros meses do ano.<\/p>\n\n\n\n<p>Do total j\u00e1 gasto em 2026,&nbsp;<strong>mais de R$ 402 bilh\u00f5es foram desembolsados pelo governo federal<\/strong>, atualmente comandado pelo presidente&nbsp;<strong>Luiz In\u00e1cio Lula da Silva (PT)<\/strong>.<\/p>\n\n\n\n<p>Os&nbsp;<strong>27 governos estaduais<\/strong>&nbsp;respondem por cerca de&nbsp;<strong>R$ 280 bilh\u00f5es<\/strong>, enquanto os&nbsp;<strong>mais de 5.500 munic\u00edpios brasileiros<\/strong>&nbsp;somam aproximadamente&nbsp;<strong>R$ 309 bilh\u00f5es<\/strong>&nbsp;em despesas.<\/p>\n\n\n\n<p>A soma dessas tr\u00eas esferas levou o gasto p\u00fablico nacional a ultrapassar o patamar simb\u00f3lico de&nbsp;<strong>R$ 1 trilh\u00e3o antes mesmo da metade do ano<\/strong>.<\/p>\n\n\n\n<p>Uma das maiores rubricas do or\u00e7amento p\u00fablico continua sendo o gasto com&nbsp;<strong>pessoal e encargos<\/strong>.<\/p>\n\n\n\n<p>Segundo os dados da plataforma:<\/p>\n\n\n\n<ul><li><strong>O Poder Executivo federal<\/strong>&nbsp;j\u00e1 desembolsou&nbsp;<strong>mais de R$ 52 bilh\u00f5es com pessoal e encargos em 2026<\/strong>.<\/li><\/ul>\n\n\n\n<p>Considerando&nbsp;<strong>todas as esferas de governo<\/strong>, os gastos com servidores somam:<\/p>\n\n\n\n<ul><li><strong>Executivo:<\/strong>&nbsp;cerca de&nbsp;<strong>R$ 269 bilh\u00f5es<\/strong><\/li><li><strong>Judici\u00e1rio:<\/strong>&nbsp;aproximadamente&nbsp;<strong>R$ 9,4 bilh\u00f5es<\/strong><\/li><li><strong>Legislativo:<\/strong>&nbsp;cerca de&nbsp;<strong>R$ 7 bilh\u00f5es<\/strong><\/li><\/ul>\n\n\n\n<p>O avan\u00e7o acelerado das despesas p\u00fablicas reacende o debate sobre&nbsp;<strong>equil\u00edbrio fiscal, efici\u00eancia do gasto e tamanho da m\u00e1quina p\u00fablica no Brasil<\/strong>.<\/p>\n\n\n\n<p>Economistas e entidades empresariais apontam que o ritmo de crescimento das despesas pode&nbsp;<strong>pressionar ainda mais o or\u00e7amento federal<\/strong>, dificultando o cumprimento de metas fiscais e ampliando a necessidade de arrecada\u00e7\u00e3o tribut\u00e1ria.<\/p>\n","protected":false},"excerpt":{"rendered":"<p>Os gastos do setor p\u00fablico brasileiro\u00a0ultrapassaram a marca de R$ 1 trilh\u00e3o em 2026\u00a0nesta quarta-feira (4), de acordo com dados da plataforma\u00a0Gasto Brasil, mantida pela\u00a0Associa\u00e7\u00e3o Comercial de S\u00e3o Paulo (ACSP)\u00a0e pela\u00a0Confedera\u00e7\u00e3o das Associa\u00e7\u00f5es Comerciais e Empresariais do Brasil (CACB). O levantamento contabiliza as&nbsp;despesas prim\u00e1rias das tr\u00eas esferas de governo \u2014 federal, estadual e municipal&nbsp;\u2014 e [&hellip;]<\/p>\n","protected":false},"author":2,"featured_media":22902,"comment_status":"open","ping_status":"open","sticky":false,"template":"","format":"standard","meta":[],"categories":[4],"tags":[13],"_links":{"self":[{"href":"https:\/\/dgospel.com.br\/portal\/index.php\/wp-json\/wp\/v2\/posts\/22901"}],"collection":[{"href":"https:\/\/dgospel.com.br\/portal\/index.php\/wp-json\/wp\/v2\/posts"}],"about":[{"href":"https:\/\/dgospel.com.br\/portal\/index.php\/wp-json\/wp\/v2\/types\/post"}],"author":[{"embeddable":true,"href":"https:\/\/dgospel.com.br\/portal\/index.php\/wp-json\/wp\/v2\/users\/2"}],"replies":[{"embeddable":true,"href":"https:\/\/dgospel.com.br\/portal\/index.php\/wp-json\/wp\/v2\/comments?post=22901"}],"version-history":[{"count":1,"href":"https:\/\/dgospel.com.br\/portal\/index.php\/wp-json\/wp\/v2\/posts\/22901\/revisions"}],"predecessor-version":[{"id":22903,"href":"https:\/\/dgospel.com.br\/portal\/index.php\/wp-json\/wp\/v2\/posts\/22901\/revisions\/22903"}],"wp:featuredmedia":[{"embeddable":true,"href":"https:\/\/dgospel.com.br\/portal\/index.php\/wp-json\/wp\/v2\/media\/22902"}],"wp:attachment":[{"href":"https:\/\/dgospel.com.br\/portal\/index.php\/wp-json\/wp\/v2\/media?parent=22901"}],"wp:term":[{"taxonomy":"category","embeddable":true,"href":"https:\/\/dgospel.com.br\/portal\/index.php\/wp-json\/wp\/v2\/categories?post=22901"},{"taxonomy":"post_tag","embeddable":true,"href":"https:\/\/dgospel.com.br\/portal\/index.php\/wp-json\/wp\/v2\/tags?post=22901"}],"curies":[{"name":"wp","href":"https:\/\/api.w.org\/{rel}","templated":true}]}}