{"id":22904,"date":"2026-03-06T18:28:02","date_gmt":"2026-03-06T21:28:02","guid":{"rendered":"https:\/\/dgospel.com.br\/portal\/?p=22904"},"modified":"2026-03-06T18:28:03","modified_gmt":"2026-03-06T21:28:03","slug":"pastores-oram-por-trump-na-casa-branca-em-meio-a-guerra-contra-o-ira-graca-e-protecao","status":"publish","type":"post","link":"https:\/\/dgospel.com.br\/portal\/index.php\/2026\/03\/06\/pastores-oram-por-trump-na-casa-branca-em-meio-a-guerra-contra-o-ira-graca-e-protecao\/","title":{"rendered":"Pastores oram por Trump na Casa Branca em meio \u00e0 guerra contra o Ir\u00e3: \u201cGra\u00e7a e prote\u00e7\u00e3o\u201d"},"content":{"rendered":"\n<p>L\u00edderes evang\u00e9licos se reuniram com o presidente<a href=\"https:\/\/guiame.com.br\/gospel\/noticias\/em-discurso-no-congresso-trump-diz-que-o-cristianismo-voltou-alcancar-jovens-nos-eua.html\"><strong>&nbsp;Donald Trump<\/strong><\/a>&nbsp;na Casa Branca, em Washington, para um momento de&nbsp;<a href=\"https:\/\/guiame.com.br\/gospel\/noticias\/oracao-e-o-superpoder-da-america-diz-trump-em-evento-cristao-em-washington.html\"><strong>ora\u00e7\u00e3o<\/strong><\/a>, na quinta-feira (5).<\/p>\n\n\n\n<p>No Sal\u00e3o Oval, cerca de 20 pastores intercederam pelo sucesso dos Estados Unidos na&nbsp;<a href=\"https:\/\/guiame.com.br\/gospel\/missoes-acao-social\/missionaria-iraniana-ve-queda-de-regime-islamico-como-resposta-de-deus-oracoes-atendidas.html\"><strong>guerra contra o Ir\u00e3<\/strong><\/a>.<\/p>\n\n\n\n<p>O momento foi compartilhado pela Assessora de Comunica\u00e7\u00e3o, Margo Martin, no X. Sentado em sua mesa, Trump recebeu ora\u00e7\u00e3o dos l\u00edderes.<\/p>\n\n\n\n<p>Tom Mullins, pastor da Christ Fellowship, guiou a intercess\u00e3o: \u201cEu oro pela Sua gra\u00e7a e Sua prote\u00e7\u00e3o sobre ele. Oro por gra\u00e7a e prote\u00e7\u00e3o sobre nossas tropas e todos os homens e mulheres que servem em nossas for\u00e7as armadas. E, Pai, simplesmente oramos para que continue dando ao nosso presidente a for\u00e7a que ele precisa para liderar nossa na\u00e7\u00e3o enquanto voltamos a ser uma s\u00f3 na\u00e7\u00e3o sob Deus\u201d.<\/p>\n\n\n\n<p>Entre os l\u00edderes que participaram do momento estavam Greg Laurie, Robert Jeffress, Ralph Reed, da Faith and Freedom Coalition, e Gary Bauer, do Family Research Council, e Samuel Rodriguez, presidente da Confer\u00eancia Nacional de Lideran\u00e7a Crist\u00e3 Hisp\u00e2nica.<\/p>\n\n\n\n<p>&#8220;Sou grato ao presidente Trump por sua corajosa decis\u00e3o de atacar o regime terrorista no Ir\u00e3. \u00c9 uma honra para mim orar por ele e por nossas for\u00e7as armadas na Casa Branca. Que Deus conceda vit\u00f3ria e liberdade ao povo iraniano\u201d, declarou o pastor Ralph Reed.<\/p>\n\n\n\n<p><strong>Import\u00e2ncia da ora\u00e7\u00e3o<\/strong><\/p>\n\n\n\n<p>Em postagem no X, o pastor Samuel Rodriguez destacou a import\u00e2ncia da ora\u00e7\u00e3o para uma na\u00e7\u00e3o.<\/p>\n\n\n\n<p>\u201cMesmo em meio a conflitos globais e imensa responsabilidade, paramos para buscar a sabedoria e a cobertura de Deus. Liderar no mais alto n\u00edvel exige humildade, discernimento e depend\u00eancia de Deus\u201d, escreveu.<\/p>\n\n\n\n<p>&#8220;Oramos pelo presidente, pelos Estados Unidos, por nosso pessoal militar e pela paz por meio da for\u00e7a nesta hora cr\u00edtica. Momentos como este servem como um lembrete poderoso de que a f\u00e9 ainda tem lugar nas mais altas salas de lideran\u00e7a e que a ora\u00e7\u00e3o continua sendo um dos atos mais significativos que podemos oferecer em nome da nossa na\u00e7\u00e3o\u201d, afirmou.<\/p>\n\n\n\n<p><a href=\"https:\/\/www.instagram.com\/reels\/DVha9rnkbcd\/\">https:\/\/www.instagram.com\/reels\/DVha9rnkbcd\/<\/a><\/p>\n","protected":false},"excerpt":{"rendered":"<p>L\u00edderes evang\u00e9licos se reuniram com o presidente&nbsp;Donald Trump&nbsp;na Casa Branca, em Washington, para um momento de&nbsp;ora\u00e7\u00e3o, na quinta-feira (5). No Sal\u00e3o Oval, cerca de 20 pastores intercederam pelo sucesso dos Estados Unidos na&nbsp;guerra contra o Ir\u00e3. O momento foi compartilhado pela Assessora de Comunica\u00e7\u00e3o, Margo Martin, no X. Sentado em sua mesa, Trump recebeu ora\u00e7\u00e3o [&hellip;]<\/p>\n","protected":false},"author":2,"featured_media":22905,"comment_status":"open","ping_status":"open","sticky":false,"template":"","format":"standard","meta":[],"categories":[16],"tags":[13],"_links":{"self":[{"href":"https:\/\/dgospel.com.br\/portal\/index.php\/wp-json\/wp\/v2\/posts\/22904"}],"collection":[{"href":"https:\/\/dgospel.com.br\/portal\/index.php\/wp-json\/wp\/v2\/posts"}],"about":[{"href":"https:\/\/dgospel.com.br\/portal\/index.php\/wp-json\/wp\/v2\/types\/post"}],"author":[{"embeddable":true,"href":"https:\/\/dgospel.com.br\/portal\/index.php\/wp-json\/wp\/v2\/users\/2"}],"replies":[{"embeddable":true,"href":"https:\/\/dgospel.com.br\/portal\/index.php\/wp-json\/wp\/v2\/comments?post=22904"}],"version-history":[{"count":1,"href":"https:\/\/dgospel.com.br\/portal\/index.php\/wp-json\/wp\/v2\/posts\/22904\/revisions"}],"predecessor-version":[{"id":22906,"href":"https:\/\/dgospel.com.br\/portal\/index.php\/wp-json\/wp\/v2\/posts\/22904\/revisions\/22906"}],"wp:featuredmedia":[{"embeddable":true,"href":"https:\/\/dgospel.com.br\/portal\/index.php\/wp-json\/wp\/v2\/media\/22905"}],"wp:attachment":[{"href":"https:\/\/dgospel.com.br\/portal\/index.php\/wp-json\/wp\/v2\/media?parent=22904"}],"wp:term":[{"taxonomy":"category","embeddable":true,"href":"https:\/\/dgospel.com.br\/portal\/index.php\/wp-json\/wp\/v2\/categories?post=22904"},{"taxonomy":"post_tag","embeddable":true,"href":"https:\/\/dgospel.com.br\/portal\/index.php\/wp-json\/wp\/v2\/tags?post=22904"}],"curies":[{"name":"wp","href":"https:\/\/api.w.org\/{rel}","templated":true}]}}