{"id":22907,"date":"2026-03-09T16:24:34","date_gmt":"2026-03-09T19:24:34","guid":{"rendered":"https:\/\/dgospel.com.br\/portal\/?p=22907"},"modified":"2026-03-09T16:24:35","modified_gmt":"2026-03-09T19:24:35","slug":"mais-de-9-mil-pessoas-aceitam-jesus-em-evento-evangelistico-no-peru","status":"publish","type":"post","link":"https:\/\/dgospel.com.br\/portal\/index.php\/2026\/03\/09\/mais-de-9-mil-pessoas-aceitam-jesus-em-evento-evangelistico-no-peru\/","title":{"rendered":"Mais de 9 mil pessoas aceitam Jesus em evento evangel\u00edstico no Peru"},"content":{"rendered":"\n<p>No \u00faltimo fim de semana, mais de 9.400 pessoas aceitaram Jesus durante um evento evangel\u00edstico liderado pelo evangelista Franklin Graham, no&nbsp;<a href=\"https:\/\/www.guiame.com.br\/busca?termo=Peru\"><strong>Peru<\/strong><\/a>.&nbsp;<\/p>\n\n\n\n<p>O \u201cEsperanza Lima\u201d ocorreu nos dias 7 e 8 de mar\u00e7o no Est\u00e1dio Nacional do Peru, na cidade de Lima. Nos dois dias de festival, mais de 90 mil pessoas participaram do evento, enquanto muitas outras acompanharam a programa\u00e7\u00e3o online ao redor do mundo.<\/p>\n\n\n\n<p>Na noite de estreia, mais de 40.000 pessoas lotaram o est\u00e1dio \u2014 e milhares se reuniram nas ruas do lado de fora \u2014 para ouvir Graham e diversos artistas crist\u00e3os.<\/p>\n\n\n\n<p>Segundo a organiza\u00e7\u00e3o do evento, cinco minutos antes do evangelista terminar de pregar, as arquibancadas estavam lotadas de pessoas \u201cansiosas para come\u00e7ar uma nova vida em Jesus Cristo\u201d.&nbsp;<\/p>\n\n\n\n<p>Graham pregou sobre a par\u00e1bola do Filho Pr\u00f3digo, narrada na passagem b\u00edblica de Lucas 15, e disse \u00e0 multid\u00e3o:<\/p>\n\n\n\n<p>\u201cAlguma vez voc\u00eas quiseram fugir dos seus problemas? Acho que alguns de voc\u00eas aqui esta noite est\u00e3o fugindo. \u00c9 hora de voltar para casa, para o seu Pai Celestial. Jesus n\u00e3o veio aqui para conden\u00e1-los. Ele veio para salv\u00e1-los\u201d.<\/p>\n\n\n\n<p><img src=\"https:\/\/thumbor.guiame.com.br\/unsafe\/smart\/https:\/\/media.guiame.com.br\/archives\/2026\/03\/09\/2019821842-.jpg\" alt=\"\" width=\"600\"><br><sup>O evangelista Franklin Graham ministrou a Palavra de Deus no evento. (Foto: Reprodu\u00e7\u00e3o\/BGEA)<\/sup><\/p>\n\n\n\n<p>Relembrando seu testemunho, ele contou: &#8220;Quando eu era mais jovem, fugi de Deus&#8221;. Mas, ao tentar seguir seu pr\u00f3prio caminho, encontrou apenas o vazio.<\/p>\n\n\n\n<p>Aqueles que decidiram seguir a Cristo conversaram com volunt\u00e1rios que os conduziram em ora\u00e7\u00e3o e os ajudar\u00e3o a se conectar com uma igreja local.<\/p>\n\n\n\n<p><strong>\u2018Ele chamou Jesus\u2019<\/strong><\/p>\n\n\n\n<p>No domingo,&nbsp;<a href=\"https:\/\/www.guiame.com.br\/busca?termo=Franklin+Graham\"><strong>Graham&nbsp;<\/strong><\/a>ministrou para uma multid\u00e3o de mais de 48 mil pessoas sobre a passagem b\u00edblica de Marcos 10:46\u201352, que conta a hist\u00f3ria de Bartimeu, um cego curado por Jesus.<\/p>\n\n\n\n<p>\u201cBartimeu n\u00e3o tinha esperan\u00e7a e o tempo estava se esgotando. Mas ele tinha ouvido falar dos milagres de Cristo. Ele chamou Jesus, acreditando que o Messias poderia curar sua cegueira. A multid\u00e3o tentou silenci\u00e1-lo, mas Jesus ouviu Bartimeu\u201d, declarou o evangelista.<\/p>\n\n\n\n<p>\u201cBartimeu orou \u2014 ele acreditava que Jesus podia cur\u00e1-lo. Ent\u00e3o, ele invocou o seu nome com f\u00e9. \u00c9 isso que eu quero que voc\u00eas fa\u00e7am daqui a pouco\u201d, acrescentou.<\/p>\n\n\n\n<p><img src=\"https:\/\/thumbor.guiame.com.br\/unsafe\/smart\/https:\/\/media.guiame.com.br\/archives\/2026\/03\/09\/10157866-.jpg\" alt=\"\" width=\"600\"><br><sup>As participantes foram homenageadas pelo Dia Internacional da Mulher. (Foto: Reprodu\u00e7\u00e3o\/BGEA)<\/sup><\/p>\n\n\n\n<p>Ap\u00f3s a prega\u00e7\u00e3o, mais de 5.100 pessoas entregaram suas vidas ao Senhor. Os novos convertidos receberam B\u00edblias em espanhol e folhetos de discipulado.&nbsp;<\/p>\n\n\n\n<p>Conforme os organizadores, as igrejas locais entrar\u00e3o em contato com eles para ajud\u00e1-los a crescer na f\u00e9.<\/p>\n\n\n\n<p>O \u00faltimo dia do evento foi celebrado no Dia Internacional da Mulher, e todas as participantes receberam bolsas cor-de-rosa distribu\u00eddas no local.<\/p>\n","protected":false},"excerpt":{"rendered":"<p>No \u00faltimo fim de semana, mais de 9.400 pessoas aceitaram Jesus durante um evento evangel\u00edstico liderado pelo evangelista Franklin Graham, no&nbsp;Peru.&nbsp; O \u201cEsperanza Lima\u201d ocorreu nos dias 7 e 8 de mar\u00e7o no Est\u00e1dio Nacional do Peru, na cidade de Lima. Nos dois dias de festival, mais de 90 mil pessoas participaram do evento, enquanto [&hellip;]<\/p>\n","protected":false},"author":2,"featured_media":22908,"comment_status":"open","ping_status":"open","sticky":false,"template":"","format":"standard","meta":[],"categories":[16],"tags":[13],"_links":{"self":[{"href":"https:\/\/dgospel.com.br\/portal\/index.php\/wp-json\/wp\/v2\/posts\/22907"}],"collection":[{"href":"https:\/\/dgospel.com.br\/portal\/index.php\/wp-json\/wp\/v2\/posts"}],"about":[{"href":"https:\/\/dgospel.com.br\/portal\/index.php\/wp-json\/wp\/v2\/types\/post"}],"author":[{"embeddable":true,"href":"https:\/\/dgospel.com.br\/portal\/index.php\/wp-json\/wp\/v2\/users\/2"}],"replies":[{"embeddable":true,"href":"https:\/\/dgospel.com.br\/portal\/index.php\/wp-json\/wp\/v2\/comments?post=22907"}],"version-history":[{"count":1,"href":"https:\/\/dgospel.com.br\/portal\/index.php\/wp-json\/wp\/v2\/posts\/22907\/revisions"}],"predecessor-version":[{"id":22909,"href":"https:\/\/dgospel.com.br\/portal\/index.php\/wp-json\/wp\/v2\/posts\/22907\/revisions\/22909"}],"wp:featuredmedia":[{"embeddable":true,"href":"https:\/\/dgospel.com.br\/portal\/index.php\/wp-json\/wp\/v2\/media\/22908"}],"wp:attachment":[{"href":"https:\/\/dgospel.com.br\/portal\/index.php\/wp-json\/wp\/v2\/media?parent=22907"}],"wp:term":[{"taxonomy":"category","embeddable":true,"href":"https:\/\/dgospel.com.br\/portal\/index.php\/wp-json\/wp\/v2\/categories?post=22907"},{"taxonomy":"post_tag","embeddable":true,"href":"https:\/\/dgospel.com.br\/portal\/index.php\/wp-json\/wp\/v2\/tags?post=22907"}],"curies":[{"name":"wp","href":"https:\/\/api.w.org\/{rel}","templated":true}]}}