{"id":22916,"date":"2026-03-09T16:43:36","date_gmt":"2026-03-09T19:43:36","guid":{"rendered":"https:\/\/dgospel.com.br\/portal\/?p=22916"},"modified":"2026-03-09T16:43:38","modified_gmt":"2026-03-09T19:43:38","slug":"igreja-presbiteriana-de-pinheiros-pede-oracao-por-andre-mendonca","status":"publish","type":"post","link":"https:\/\/dgospel.com.br\/portal\/index.php\/2026\/03\/09\/igreja-presbiteriana-de-pinheiros-pede-oracao-por-andre-mendonca\/","title":{"rendered":"Igreja Presbiteriana de Pinheiros pede ora\u00e7\u00e3o por Andr\u00e9 Mendon\u00e7a"},"content":{"rendered":"\n<p>A Igreja Presbiteriana de Pinheiros, em\u00a0<a rel=\"noreferrer noopener\" href=\"https:\/\/pleno.news\/tag\/sao-paulo\" target=\"_blank\">S\u00e3o Paulo<\/a>, da qual faz parte como pastor o ministro\u00a0<a rel=\"noreferrer noopener\" href=\"https:\/\/pleno.news\/tag\/andre-mendonca\" target=\"_blank\">Andr\u00e9 Mendon\u00e7a<\/a>, do Supremo Tribunal Federal (STF), fez uma postagem no Instagram neste domingo (8) pedindo ora\u00e7\u00f5es e dizendo estar orando pela vida do magistrado.<\/p>\n\n\n\n<p>Na postagem, Mendon\u00e7a aparece em uma foto ao lado do pastor titular da igreja, o reverendo Arival Casimiro, e do reverendo Hernandes Dias Lopes.<\/p>\n\n\n\n<figure class=\"wp-block-image\"><img src=\"https:\/\/static.cdn.pleno.news\/2026\/03\/Captura-de-tela-2026-03-08-185338-1024x591.jpg\" alt=\"\" class=\"wp-image-1640929\"\/><figcaption>Postagem da Igreja Presbiteriana de Pinheiros sobre Mendon\u00e7a&nbsp;Foto: Reprodu\u00e7\u00e3o\/Instagram Igreja Presbiteriana de Pinheiro<\/figcaption><\/figure>\n\n\n\n<p>Os pedidos de ora\u00e7\u00e3o pela vida de Mendon\u00e7a ocorrem em um contexto no qual o ministro est\u00e1 \u00e0 frente das duas investiga\u00e7\u00f5es de maior repercuss\u00e3o no pa\u00eds atualmente: a apura\u00e7\u00e3o relacionada aos descontos ilegais de benef\u00edcios do INSS e tamb\u00e9m o inqu\u00e9rito que apura fraudes financeiras vinculadas ao Banco Master.<\/p>\n\n\n\n<p>A quest\u00e3o da vida e da seguran\u00e7a de Mendon\u00e7a e da fam\u00edlia dele esteve em voga na \u00faltima semana ap\u00f3s a veicula\u00e7\u00e3o de not\u00edcias de que a Pol\u00edcia Judicial do STF avalia a possibilidade de ampliar o esquema de seguran\u00e7a do ministro, com uma poss\u00edvel extens\u00e3o da escolta j\u00e1 aplicada a ele tamb\u00e9m \u00e0 esposa e aos filhos do magistrado.<\/p>\n\n\n\n<p>De acordo com informa\u00e7\u00f5es de bastidores divulgadas pelo portal G1, o gabinete de Mendon\u00e7a foi consultado pela Pol\u00edcia Judicial sobre a necessidade e a viabilidade da medida. Auxiliares indicam que o ministro tende a concordar com a amplia\u00e7\u00e3o do esquema, caso a estrutura seja considerada poss\u00edvel.<\/p>\n\n\n\n<p>Nos \u00faltimos meses, Mendon\u00e7a j\u00e1 adotou cuidados adicionais com a pr\u00f3pria seguran\u00e7a. Em algumas ocasi\u00f5es p\u00fablicas, como, quando realiza prega\u00e7\u00f5es na Igreja Presbiteriana de Pinheiros, em S\u00e3o Paulo, o ministro chegou a usar colete \u00e0 prova de balas.<\/p>\n\n\n\n<p>No inqu\u00e9rito que levou \u00e0 pris\u00e3o do banqueiro Daniel Vorcaro, Mendon\u00e7a descreveu a atua\u00e7\u00e3o de uma \u201corganiza\u00e7\u00e3o criminosa\u201d que funcionaria como uma esp\u00e9cie de mil\u00edcia privada. Segundo as apura\u00e7\u00f5es, o grupo, conhecido como \u201cA Turma\u201d, teria realizado monitoramento ilegal de pessoas e feito amea\u00e7as contra autoridades, jornalistas e advers\u00e1rios.<\/p>\n\n\n\n<p>As investiga\u00e7\u00f5es da Pol\u00edcia Federal apontaram, inclusive, ordens para intimida\u00e7\u00e3o e agress\u00f5es f\u00edsicas contra cr\u00edticos do esquema. Diante do contexto e do perfil do grupo investigado, a Pol\u00edcia Judicial passou a considerar urgente ampliar a prote\u00e7\u00e3o ao relator e aos seus familiares.<\/p>\n","protected":false},"excerpt":{"rendered":"<p>A Igreja Presbiteriana de Pinheiros, em\u00a0S\u00e3o Paulo, da qual faz parte como pastor o ministro\u00a0Andr\u00e9 Mendon\u00e7a, do Supremo Tribunal Federal (STF), fez uma postagem no Instagram neste domingo (8) pedindo ora\u00e7\u00f5es e dizendo estar orando pela vida do magistrado. Na postagem, Mendon\u00e7a aparece em uma foto ao lado do pastor titular da igreja, o reverendo [&hellip;]<\/p>\n","protected":false},"author":2,"featured_media":22917,"comment_status":"open","ping_status":"open","sticky":false,"template":"","format":"standard","meta":[],"categories":[5],"tags":[],"_links":{"self":[{"href":"https:\/\/dgospel.com.br\/portal\/index.php\/wp-json\/wp\/v2\/posts\/22916"}],"collection":[{"href":"https:\/\/dgospel.com.br\/portal\/index.php\/wp-json\/wp\/v2\/posts"}],"about":[{"href":"https:\/\/dgospel.com.br\/portal\/index.php\/wp-json\/wp\/v2\/types\/post"}],"author":[{"embeddable":true,"href":"https:\/\/dgospel.com.br\/portal\/index.php\/wp-json\/wp\/v2\/users\/2"}],"replies":[{"embeddable":true,"href":"https:\/\/dgospel.com.br\/portal\/index.php\/wp-json\/wp\/v2\/comments?post=22916"}],"version-history":[{"count":1,"href":"https:\/\/dgospel.com.br\/portal\/index.php\/wp-json\/wp\/v2\/posts\/22916\/revisions"}],"predecessor-version":[{"id":22918,"href":"https:\/\/dgospel.com.br\/portal\/index.php\/wp-json\/wp\/v2\/posts\/22916\/revisions\/22918"}],"wp:featuredmedia":[{"embeddable":true,"href":"https:\/\/dgospel.com.br\/portal\/index.php\/wp-json\/wp\/v2\/media\/22917"}],"wp:attachment":[{"href":"https:\/\/dgospel.com.br\/portal\/index.php\/wp-json\/wp\/v2\/media?parent=22916"}],"wp:term":[{"taxonomy":"category","embeddable":true,"href":"https:\/\/dgospel.com.br\/portal\/index.php\/wp-json\/wp\/v2\/categories?post=22916"},{"taxonomy":"post_tag","embeddable":true,"href":"https:\/\/dgospel.com.br\/portal\/index.php\/wp-json\/wp\/v2\/tags?post=22916"}],"curies":[{"name":"wp","href":"https:\/\/api.w.org\/{rel}","templated":true}]}}