{"id":22919,"date":"2026-03-10T08:34:59","date_gmt":"2026-03-10T11:34:59","guid":{"rendered":"https:\/\/dgospel.com.br\/portal\/?p=22919"},"modified":"2026-03-10T08:35:00","modified_gmt":"2026-03-10T11:35:00","slug":"indignacao-diante-da-fome-orienta-politicas-publicas-em-palmas-afirma-prefeito-durante-entrega-do-selo-betinho","status":"publish","type":"post","link":"https:\/\/dgospel.com.br\/portal\/index.php\/2026\/03\/10\/indignacao-diante-da-fome-orienta-politicas-publicas-em-palmas-afirma-prefeito-durante-entrega-do-selo-betinho\/","title":{"rendered":"Indigna\u00e7\u00e3o diante da fome orienta pol\u00edticas p\u00fablicas em Palmas, afirma prefeito durante entrega do \u201cSelo Betinho\u201d"},"content":{"rendered":"\n<p>A Prefeitura de Palmas foi reconhecida, na tarde desta segunda-feira, 9, com o Selo Betinho 2025, concedido pela A\u00e7\u00e3o da Cidadania a munic\u00edpios brasileiros que se destacam em pol\u00edticas de combate \u00e0 fome e promo\u00e7\u00e3o da seguran\u00e7a alimentar.&nbsp;<\/p>\n\n\n\n<p>Durante o evento, o prefeito de Palmas, Eduardo Siqueira Campos, destacou que o reconhecimento refor\u00e7a a responsabilidade do munic\u00edpio em ampliar as pol\u00edticas de combate \u00e0 fome e garantir dignidade \u00e0 popula\u00e7\u00e3o mais vulner\u00e1vel.<\/p>\n\n\n\n<p>\u201cCombater a fome \u00e9 uma responsabilidade coletiva e permanente. Quando uma iniciativa como essa reconhece o trabalho que est\u00e1 sendo feito em Palmas, ela aumenta ainda mais o nosso compromisso com quem mais precisa\u201d, afirmou.<\/p>\n\n\n\n<p>O prefeito lembrou ainda de experi\u00eancias pessoais que refor\u00e7aram sua sensibilidade em rela\u00e7\u00e3o ao tema e citou a import\u00e2ncia de programas estruturantes, como a alimenta\u00e7\u00e3o escolar e parcerias com a agricultura familiar, que ajudam a garantir milh\u00f5es de refei\u00e7\u00f5es por ano para estudantes da rede municipal.<\/p>\n\n\n\n<p>Para o prefeito, iniciativas como restaurantes populares, programas de alimenta\u00e7\u00e3o e o fortalecimento dos conselhos de seguran\u00e7a alimentar s\u00e3o instrumentos fundamentais para enfrentar a fome nas cidades.<\/p>\n\n\n\n<p>\u201cO poder p\u00fablico precisa assumir aquilo que ningu\u00e9m mais assume. Se a gente olhar primeiro para quem precisa, a cidade inteira melhora\u201d, destacou.<\/p>\n\n\n\n<p>O Selo Betinho leva o nome do soci\u00f3logo Herbert de Souza, refer\u00eancia nacional na mobiliza\u00e7\u00e3o social contra a fome e fundador da A\u00e7\u00e3o da Cidadania. A certifica\u00e7\u00e3o reconheceu, al\u00e9m de Palmas, as capitais Belo Horizonte (MG), Curitiba (PR) e o Distrito Federal por desenvolverem pol\u00edticas efetivas de seguran\u00e7a alimentar, com participa\u00e7\u00e3o social e a\u00e7\u00f5es permanentes de combate \u00e0 fome.<\/p>\n\n\n\n<p>\u201cEsse selo n\u00e3o \u00e9 sobre uma pessoa ou um governo. \u00c9 sobre um sistema inteiro de pessoas comprometidas em garantir que ningu\u00e9m passe fome na nossa cidade\u201d, concluiu Eduardo Siqueira Campos.<\/p>\n","protected":false},"excerpt":{"rendered":"<p>A Prefeitura de Palmas foi reconhecida, na tarde desta segunda-feira, 9, com o Selo Betinho 2025, concedido pela A\u00e7\u00e3o da Cidadania a munic\u00edpios brasileiros que se destacam em pol\u00edticas de combate \u00e0 fome e promo\u00e7\u00e3o da seguran\u00e7a alimentar.&nbsp; Durante o evento, o prefeito de Palmas, Eduardo Siqueira Campos, destacou que o reconhecimento refor\u00e7a a responsabilidade [&hellip;]<\/p>\n","protected":false},"author":2,"featured_media":22917,"comment_status":"open","ping_status":"open","sticky":false,"template":"","format":"standard","meta":[],"categories":[3],"tags":[13],"_links":{"self":[{"href":"https:\/\/dgospel.com.br\/portal\/index.php\/wp-json\/wp\/v2\/posts\/22919"}],"collection":[{"href":"https:\/\/dgospel.com.br\/portal\/index.php\/wp-json\/wp\/v2\/posts"}],"about":[{"href":"https:\/\/dgospel.com.br\/portal\/index.php\/wp-json\/wp\/v2\/types\/post"}],"author":[{"embeddable":true,"href":"https:\/\/dgospel.com.br\/portal\/index.php\/wp-json\/wp\/v2\/users\/2"}],"replies":[{"embeddable":true,"href":"https:\/\/dgospel.com.br\/portal\/index.php\/wp-json\/wp\/v2\/comments?post=22919"}],"version-history":[{"count":1,"href":"https:\/\/dgospel.com.br\/portal\/index.php\/wp-json\/wp\/v2\/posts\/22919\/revisions"}],"predecessor-version":[{"id":22920,"href":"https:\/\/dgospel.com.br\/portal\/index.php\/wp-json\/wp\/v2\/posts\/22919\/revisions\/22920"}],"wp:featuredmedia":[{"embeddable":true,"href":"https:\/\/dgospel.com.br\/portal\/index.php\/wp-json\/wp\/v2\/media\/22917"}],"wp:attachment":[{"href":"https:\/\/dgospel.com.br\/portal\/index.php\/wp-json\/wp\/v2\/media?parent=22919"}],"wp:term":[{"taxonomy":"category","embeddable":true,"href":"https:\/\/dgospel.com.br\/portal\/index.php\/wp-json\/wp\/v2\/categories?post=22919"},{"taxonomy":"post_tag","embeddable":true,"href":"https:\/\/dgospel.com.br\/portal\/index.php\/wp-json\/wp\/v2\/tags?post=22919"}],"curies":[{"name":"wp","href":"https:\/\/api.w.org\/{rel}","templated":true}]}}