{"id":22921,"date":"2026-03-10T12:11:03","date_gmt":"2026-03-10T15:11:03","guid":{"rendered":"https:\/\/dgospel.com.br\/portal\/?p=22921"},"modified":"2026-03-10T12:11:04","modified_gmt":"2026-03-10T15:11:04","slug":"superintendente-da-astt-jarbinha-declara-apoio-e-confianca-no-trabalho-do-deputado-gipao","status":"publish","type":"post","link":"https:\/\/dgospel.com.br\/portal\/index.php\/2026\/03\/10\/superintendente-da-astt-jarbinha-declara-apoio-e-confianca-no-trabalho-do-deputado-gipao\/","title":{"rendered":"Superintendente da ASTT, Jarbinha declara apoio e confian\u00e7a no trabalho do deputado Gip\u00e3o"},"content":{"rendered":"\n<p>O suplente de vereador de Aragua\u00edna Jarbinha Abud, l\u00edder comunit\u00e1rio e aliado do prefeito Wagner Rodrigues, declarou apoio ao deputado estadual Gip\u00e3o.<\/p>\n\n\n\n<p>Segundo ele, o reconhecimento ao parlamentar vem do trabalho que Gip\u00e3o tem realizado na Assembleia Legislativa do Tocantins e da parceria com lideran\u00e7as que atuam pelo desenvolvimento de Aragua\u00edna.<\/p>\n\n\n\n<p>\u201cEu apoio o Gip\u00e3o por acreditar que ele \u00e9 um homem s\u00e9rio, humilde e preparado, que tem compromisso com as pessoas e com o desenvolvimento do nosso estado\u201d, afirmou.<\/p>\n\n\n\n<p>A manifesta\u00e7\u00e3o refor\u00e7a a aproxima\u00e7\u00e3o entre lideran\u00e7as locais que caminham em sintonia com a gest\u00e3o do prefeito Wagner Rodrigues e que reconhecem a atua\u00e7\u00e3o de Gip\u00e3o em favor de Aragua\u00edna.<\/p>\n\n\n\n<p>Trajet\u00f3ria pol\u00edtica<\/p>\n\n\n\n<p>De origem simples e humilde, Jarbinha tem forte atua\u00e7\u00e3o comunit\u00e1ria, tendo constru\u00eddo uma trajet\u00f3ria de trabalho e de proximidade com a popula\u00e7\u00e3o. Ap\u00f3s obter quase 900 votos na \u00faltima elei\u00e7\u00e3o municipal, assumiu o cargo de vereador na C\u00e2mara Municipal de Aragua\u00edna em 2022, refor\u00e7ando sua presen\u00e7a na vida p\u00fablica da cidade.<\/p>\n\n\n\n<p>Sua passagem pelo servi\u00e7o p\u00fablico tamb\u00e9m incluiu fun\u00e7\u00f5es ligadas \u00e0 gest\u00e3o municipal. Atualmente, ocupa o cargo de superintendente da Ag\u00eancia Municipal de Seguran\u00e7a, Transporte e Tr\u00e2nsito de Aragua\u00edna (ASTT).<\/p>\n\n\n\n<p>Gip\u00e3o agradeceu o reconhecimento do l\u00edder local ao seu trabalho.<\/p>\n\n\n\n<p>\u201cRecebo com gratid\u00e3o o apoio do Jarbinha, uma lideran\u00e7a que tem hist\u00f3ria de trabalho e dedica\u00e7\u00e3o \u00e0 comunidade de Aragua\u00edna. Pessoas que conhecem a realidade do povo e que sempre estiveram ao lado da popula\u00e7\u00e3o fazem a diferen\u00e7a na constru\u00e7\u00e3o de um Tocantins mais forte e desenvolvido\u201d, afirmou o parlamentar.<\/p>\n","protected":false},"excerpt":{"rendered":"<p>O suplente de vereador de Aragua\u00edna Jarbinha Abud, l\u00edder comunit\u00e1rio e aliado do prefeito Wagner Rodrigues, declarou apoio ao deputado estadual Gip\u00e3o. Segundo ele, o reconhecimento ao parlamentar vem do trabalho que Gip\u00e3o tem realizado na Assembleia Legislativa do Tocantins e da parceria com lideran\u00e7as que atuam pelo desenvolvimento de Aragua\u00edna. \u201cEu apoio o Gip\u00e3o [&hellip;]<\/p>\n","protected":false},"author":2,"featured_media":22922,"comment_status":"open","ping_status":"open","sticky":false,"template":"","format":"standard","meta":[],"categories":[4],"tags":[13],"_links":{"self":[{"href":"https:\/\/dgospel.com.br\/portal\/index.php\/wp-json\/wp\/v2\/posts\/22921"}],"collection":[{"href":"https:\/\/dgospel.com.br\/portal\/index.php\/wp-json\/wp\/v2\/posts"}],"about":[{"href":"https:\/\/dgospel.com.br\/portal\/index.php\/wp-json\/wp\/v2\/types\/post"}],"author":[{"embeddable":true,"href":"https:\/\/dgospel.com.br\/portal\/index.php\/wp-json\/wp\/v2\/users\/2"}],"replies":[{"embeddable":true,"href":"https:\/\/dgospel.com.br\/portal\/index.php\/wp-json\/wp\/v2\/comments?post=22921"}],"version-history":[{"count":1,"href":"https:\/\/dgospel.com.br\/portal\/index.php\/wp-json\/wp\/v2\/posts\/22921\/revisions"}],"predecessor-version":[{"id":22923,"href":"https:\/\/dgospel.com.br\/portal\/index.php\/wp-json\/wp\/v2\/posts\/22921\/revisions\/22923"}],"wp:featuredmedia":[{"embeddable":true,"href":"https:\/\/dgospel.com.br\/portal\/index.php\/wp-json\/wp\/v2\/media\/22922"}],"wp:attachment":[{"href":"https:\/\/dgospel.com.br\/portal\/index.php\/wp-json\/wp\/v2\/media?parent=22921"}],"wp:term":[{"taxonomy":"category","embeddable":true,"href":"https:\/\/dgospel.com.br\/portal\/index.php\/wp-json\/wp\/v2\/categories?post=22921"},{"taxonomy":"post_tag","embeddable":true,"href":"https:\/\/dgospel.com.br\/portal\/index.php\/wp-json\/wp\/v2\/tags?post=22921"}],"curies":[{"name":"wp","href":"https:\/\/api.w.org\/{rel}","templated":true}]}}