{"id":22924,"date":"2026-03-10T15:12:27","date_gmt":"2026-03-10T18:12:27","guid":{"rendered":"https:\/\/dgospel.com.br\/portal\/?p=22924"},"modified":"2026-03-10T15:12:28","modified_gmt":"2026-03-10T18:12:28","slug":"prefeitura-de-palmas-inicia-cursos-gratuitos-de-inteligencia-artificial-e-social-media-para-jovens-da-capital","status":"publish","type":"post","link":"https:\/\/dgospel.com.br\/portal\/index.php\/2026\/03\/10\/prefeitura-de-palmas-inicia-cursos-gratuitos-de-inteligencia-artificial-e-social-media-para-jovens-da-capital\/","title":{"rendered":"Prefeitura de Palmas inicia cursos gratuitos de Intelig\u00eancia Artificial e Social Media para jovens da Capital"},"content":{"rendered":"\n<p>A Prefeitura de Palmas realizou, na noite desta segunda-feira, 9, a aula inaugural dos cursos gratuitos de Intelig\u00eancia Artificial e Social Media, voltados \u00e0 qualifica\u00e7\u00e3o profissional de jovens da Capital. A iniciativa \u00e9 promovida pela Secretaria Municipal de Turismo, Juventude e Esportes, em parceria com o Instituto Nacional de Desenvolvimento Socioecon\u00f4mico (INDS), dentro do Programa Manuel Querino de Qualifica\u00e7\u00e3o Social e Profissional, que tem como objetivo ampliar oportunidades de forma\u00e7\u00e3o para a juventude.<\/p>\n\n\n\n<p>Ao todo, 60 jovens com idade entre 16 e 29 anos iniciaram a forma\u00e7\u00e3o, 30 em cada curso. As aulas seguem at\u00e9 o dia 14 de abril, de segunda a sexta-feira, das 18h30 \u00e0s 22h30, na Escola de Tempo Integral (ETI) Caroline Campelo, no setor Santa F\u00e9, e na Escola de Governo de Palmas (EGP), na ACSU SE-60 (Quadra 602 Sul).<\/p>\n\n\n\n<p>Durante a solenidade de abertura, os estudantes receberam o kit do aluno, composto por apostila, caderno, l\u00e1pis, borracha, camiseta, apontador e caneta. Os participantes tamb\u00e9m t\u00eam direito a lanche e aux\u00edlio-transporte, garantindo melhores condi\u00e7\u00f5es de perman\u00eancia e aprendizado durante o per\u00edodo de forma\u00e7\u00e3o.<\/p>\n\n\n\n<p>O secret\u00e1rio-executivo da Juventude, Rivaldo Silva, destacou a import\u00e2ncia da iniciativa para ampliar oportunidades aos jovens palmenses. \u201cSeguindo a orienta\u00e7\u00e3o do prefeito Eduardo Siqueira Campos, estamos ampliando cada vez mais os investimentos na qualifica\u00e7\u00e3o da juventude de Palmas. Hoje iniciamos as primeiras turmas em \u00e1reas que representam o presente e o futuro do mercado de trabalho. Ao final do Programa Manuel Querino, teremos 240 jovens qualificados, ampliando oportunidades, gerando conhecimento e preparando nossa juventude para novas oportunidades na economia digital\u201d, afirmou.<\/p>\n\n\n\n<p>A programa\u00e7\u00e3o da aula inaugural contou ainda com a palestra \u2018Pense como um criador de futuros: como o poder do racioc\u00ednio pode transformar a intelig\u00eancia artificial\u2019, ministrada pelo reitor do Instituto Federal do Tocantins (IFTO), professor Ant\u00f4nio da Luz, que abordou perspectivas de inova\u00e7\u00e3o, tecnologia e forma\u00e7\u00e3o para os jovens diante das transforma\u00e7\u00f5es do mercado de trabalho.<\/p>\n\n\n\n<p>Tamb\u00e9m participaram da solenidade o secret\u00e1rio municipal de Rela\u00e7\u00f5es Institucionais, S\u00e9rgio Marques, representando o prefeito Eduardo Siqueira Campos; o secret\u00e1rio-executivo da Frente Parlamentar Jovem do Congresso Nacional, Gustavo Gama; e o presidente do INDS, Vitor Rocha.<\/p>\n","protected":false},"excerpt":{"rendered":"<p>A Prefeitura de Palmas realizou, na noite desta segunda-feira, 9, a aula inaugural dos cursos gratuitos de Intelig\u00eancia Artificial e Social Media, voltados \u00e0 qualifica\u00e7\u00e3o profissional de jovens da Capital. A iniciativa \u00e9 promovida pela Secretaria Municipal de Turismo, Juventude e Esportes, em parceria com o Instituto Nacional de Desenvolvimento Socioecon\u00f4mico (INDS), dentro do Programa [&hellip;]<\/p>\n","protected":false},"author":2,"featured_media":22925,"comment_status":"open","ping_status":"open","sticky":false,"template":"","format":"standard","meta":[],"categories":[3],"tags":[13],"_links":{"self":[{"href":"https:\/\/dgospel.com.br\/portal\/index.php\/wp-json\/wp\/v2\/posts\/22924"}],"collection":[{"href":"https:\/\/dgospel.com.br\/portal\/index.php\/wp-json\/wp\/v2\/posts"}],"about":[{"href":"https:\/\/dgospel.com.br\/portal\/index.php\/wp-json\/wp\/v2\/types\/post"}],"author":[{"embeddable":true,"href":"https:\/\/dgospel.com.br\/portal\/index.php\/wp-json\/wp\/v2\/users\/2"}],"replies":[{"embeddable":true,"href":"https:\/\/dgospel.com.br\/portal\/index.php\/wp-json\/wp\/v2\/comments?post=22924"}],"version-history":[{"count":1,"href":"https:\/\/dgospel.com.br\/portal\/index.php\/wp-json\/wp\/v2\/posts\/22924\/revisions"}],"predecessor-version":[{"id":22926,"href":"https:\/\/dgospel.com.br\/portal\/index.php\/wp-json\/wp\/v2\/posts\/22924\/revisions\/22926"}],"wp:featuredmedia":[{"embeddable":true,"href":"https:\/\/dgospel.com.br\/portal\/index.php\/wp-json\/wp\/v2\/media\/22925"}],"wp:attachment":[{"href":"https:\/\/dgospel.com.br\/portal\/index.php\/wp-json\/wp\/v2\/media?parent=22924"}],"wp:term":[{"taxonomy":"category","embeddable":true,"href":"https:\/\/dgospel.com.br\/portal\/index.php\/wp-json\/wp\/v2\/categories?post=22924"},{"taxonomy":"post_tag","embeddable":true,"href":"https:\/\/dgospel.com.br\/portal\/index.php\/wp-json\/wp\/v2\/tags?post=22924"}],"curies":[{"name":"wp","href":"https:\/\/api.w.org\/{rel}","templated":true}]}}