{"id":22930,"date":"2026-03-13T11:54:03","date_gmt":"2026-03-13T14:54:03","guid":{"rendered":"https:\/\/dgospel.com.br\/portal\/?p=22930"},"modified":"2026-03-13T11:54:04","modified_gmt":"2026-03-13T14:54:04","slug":"leo-barbosa-viabiliza-r-150-mil-para-fortalecer-trabalho-dos-agentes-de-saude-em-rio-sono","status":"publish","type":"post","link":"https:\/\/dgospel.com.br\/portal\/index.php\/2026\/03\/13\/leo-barbosa-viabiliza-r-150-mil-para-fortalecer-trabalho-dos-agentes-de-saude-em-rio-sono\/","title":{"rendered":"L\u00e9o Barbosa viabiliza R$ 150 mil para fortalecer trabalho dos Agentes de Sa\u00fade em Rio Sono"},"content":{"rendered":"\n<p>J\u00e1 est\u00e1 na conta da prefeitura de Rio Sono-TO, uma emenda parlamentar no valor de R$ 150 mil, destinada pelo deputado estadual&nbsp;L\u00e9o Barbosa&nbsp;(Republicanos) para a aquisi\u00e7\u00e3o de motocicletas que ser\u00e3o utilizadas pelos Agentes Comunit\u00e1rios de Sa\u00fade do munic\u00edpio. O recurso tem como objetivo fortalecer o trabalho dos profissionais e garantir melhores condi\u00e7\u00f5es de atendimento \u00e0 popula\u00e7\u00e3o, especialmente nas regi\u00f5es mais afastadas do munic\u00edpio. O pedido foi apresentado por vereadores da cidade, pela prefeita&nbsp;Valdeia Martins&nbsp;e pelo ex-prefeito&nbsp;Itair Gomes.<\/p>\n\n\n\n<p>Segundo o parlamentar, os Agentes de Sa\u00fade exercem papel fundamental na estrutura da aten\u00e7\u00e3o b\u00e1sica. \u201cS\u00e3o profissionais que trabalham tanto na cidade quanto nas comunidades, como \u00e9 o caso do Brejo Fundo, da Mansinha e do Bonfin\u00f3polis, e fazem um trabalho essencial de apoio \u00e0 rede de sa\u00fade no munic\u00edpio, que depende de muito deslocamento\u201d, destacou L\u00e9o.<\/p>\n\n\n\n<p>As motocicletas v\u00e3o facilitar o deslocamento das equipes, garantindo mais agilidade nas visitas domiciliares e ampliando a cobertura dos atendimentos, principalmente em \u00e1reas rurais e de dif\u00edcil acesso. A medida contribui diretamente para o acompanhamento preventivo das fam\u00edlias e para o fortalecimento das a\u00e7\u00f5es de promo\u00e7\u00e3o \u00e0 sa\u00fade.<\/p>\n\n\n\n<p>O deputado tamb\u00e9m anunciou que pretende direcionar novos recursos para a \u00e1rea da sa\u00fade no munic\u00edpio. \u201cEm breve tamb\u00e9m vamos atender a solicita\u00e7\u00e3o para a realiza\u00e7\u00e3o de cirurgias oftalmol\u00f3gicas, para que possamos zerar a demanda e a fila de pessoas que dependem de cirurgias de catarata e outras doen\u00e7as oftalmol\u00f3gicas em Rio Sono\u201d, afirmou.<\/p>\n\n\n\n<p>A prefeita Valdeia agradeceu o apoio e ressaltou a import\u00e2ncia da parceria. \u201cEm nome de toda a nossa popula\u00e7\u00e3o, agrade\u00e7o ao deputado L\u00e9o Barbosa pelo compromisso com Rio Sono. Essa parceria fortalece nossa gest\u00e3o e garante melhores condi\u00e7\u00f5es de trabalho aos nossos profissionais de sa\u00fade, refletindo diretamente na qualidade do atendimento prestado \u00e0 comunidade\u201d, declarou.<\/p>\n","protected":false},"excerpt":{"rendered":"<p>J\u00e1 est\u00e1 na conta da prefeitura de Rio Sono-TO, uma emenda parlamentar no valor de R$ 150 mil, destinada pelo deputado estadual&nbsp;L\u00e9o Barbosa&nbsp;(Republicanos) para a aquisi\u00e7\u00e3o de motocicletas que ser\u00e3o utilizadas pelos Agentes Comunit\u00e1rios de Sa\u00fade do munic\u00edpio. O recurso tem como objetivo fortalecer o trabalho dos profissionais e garantir melhores condi\u00e7\u00f5es de atendimento \u00e0 [&hellip;]<\/p>\n","protected":false},"author":2,"featured_media":22931,"comment_status":"open","ping_status":"open","sticky":false,"template":"","format":"standard","meta":[],"categories":[8],"tags":[],"_links":{"self":[{"href":"https:\/\/dgospel.com.br\/portal\/index.php\/wp-json\/wp\/v2\/posts\/22930"}],"collection":[{"href":"https:\/\/dgospel.com.br\/portal\/index.php\/wp-json\/wp\/v2\/posts"}],"about":[{"href":"https:\/\/dgospel.com.br\/portal\/index.php\/wp-json\/wp\/v2\/types\/post"}],"author":[{"embeddable":true,"href":"https:\/\/dgospel.com.br\/portal\/index.php\/wp-json\/wp\/v2\/users\/2"}],"replies":[{"embeddable":true,"href":"https:\/\/dgospel.com.br\/portal\/index.php\/wp-json\/wp\/v2\/comments?post=22930"}],"version-history":[{"count":1,"href":"https:\/\/dgospel.com.br\/portal\/index.php\/wp-json\/wp\/v2\/posts\/22930\/revisions"}],"predecessor-version":[{"id":22932,"href":"https:\/\/dgospel.com.br\/portal\/index.php\/wp-json\/wp\/v2\/posts\/22930\/revisions\/22932"}],"wp:featuredmedia":[{"embeddable":true,"href":"https:\/\/dgospel.com.br\/portal\/index.php\/wp-json\/wp\/v2\/media\/22931"}],"wp:attachment":[{"href":"https:\/\/dgospel.com.br\/portal\/index.php\/wp-json\/wp\/v2\/media?parent=22930"}],"wp:term":[{"taxonomy":"category","embeddable":true,"href":"https:\/\/dgospel.com.br\/portal\/index.php\/wp-json\/wp\/v2\/categories?post=22930"},{"taxonomy":"post_tag","embeddable":true,"href":"https:\/\/dgospel.com.br\/portal\/index.php\/wp-json\/wp\/v2\/tags?post=22930"}],"curies":[{"name":"wp","href":"https:\/\/api.w.org\/{rel}","templated":true}]}}