{"id":22994,"date":"2026-03-23T12:48:26","date_gmt":"2026-03-23T15:48:26","guid":{"rendered":"https:\/\/dgospel.com.br\/portal\/?p=22994"},"modified":"2026-03-23T12:48:27","modified_gmt":"2026-03-23T15:48:27","slug":"senado-cria-frente-parlamentar-pela-paz-mundial","status":"publish","type":"post","link":"https:\/\/dgospel.com.br\/portal\/index.php\/2026\/03\/23\/senado-cria-frente-parlamentar-pela-paz-mundial\/","title":{"rendered":"Senado cria Frente Parlamentar pela Paz Mundial"},"content":{"rendered":"\n<p>O presidente do Senado, Davi Alcolumbre (Uni\u00e3o Brasil \u2013 AP), promulgou nesta segunda-feira (23) a cria\u00e7\u00e3o da Frente Parlamentar pela Paz Mundial, aprovada no dia 18 e publicada no Di\u00e1rio Oficial da Uni\u00e3o (DOU).<\/p>\n\n\n\n<p>A iniciativa foi apresentada pelo senador Fl\u00e1vio Arns (PSB-PR) e tem como objetivo apoiar a\u00e7\u00f5es parlamentares voltadas \u00e0 promo\u00e7\u00e3o da conviv\u00eancia harm\u00f4nica entre os povos.<\/p>\n\n\n\n<p>O grupo tamb\u00e9m defende o est\u00edmulo ao desenvolvimento de estudos e pesquisas sobre o tema e a articula\u00e7\u00e3o de pol\u00edticas p\u00fablicas que favore\u00e7am a justi\u00e7a social.<\/p>\n\n\n\n<p>A frente ser\u00e1 integrada por senadores e ser\u00e1 permitida a participa\u00e7\u00e3o de ex-parlamentares como membros honor\u00e1rios.<\/p>\n\n\n\n<p>*AE<\/p>\n","protected":false},"excerpt":{"rendered":"<p>O presidente do Senado, Davi Alcolumbre (Uni\u00e3o Brasil \u2013 AP), promulgou nesta segunda-feira (23) a cria\u00e7\u00e3o da Frente Parlamentar pela Paz Mundial, aprovada no dia 18 e publicada no Di\u00e1rio Oficial da Uni\u00e3o (DOU). A iniciativa foi apresentada pelo senador Fl\u00e1vio Arns (PSB-PR) e tem como objetivo apoiar a\u00e7\u00f5es parlamentares voltadas \u00e0 promo\u00e7\u00e3o da conviv\u00eancia [&hellip;]<\/p>\n","protected":false},"author":2,"featured_media":22995,"comment_status":"open","ping_status":"open","sticky":false,"template":"","format":"standard","meta":[],"categories":[8],"tags":[],"_links":{"self":[{"href":"https:\/\/dgospel.com.br\/portal\/index.php\/wp-json\/wp\/v2\/posts\/22994"}],"collection":[{"href":"https:\/\/dgospel.com.br\/portal\/index.php\/wp-json\/wp\/v2\/posts"}],"about":[{"href":"https:\/\/dgospel.com.br\/portal\/index.php\/wp-json\/wp\/v2\/types\/post"}],"author":[{"embeddable":true,"href":"https:\/\/dgospel.com.br\/portal\/index.php\/wp-json\/wp\/v2\/users\/2"}],"replies":[{"embeddable":true,"href":"https:\/\/dgospel.com.br\/portal\/index.php\/wp-json\/wp\/v2\/comments?post=22994"}],"version-history":[{"count":1,"href":"https:\/\/dgospel.com.br\/portal\/index.php\/wp-json\/wp\/v2\/posts\/22994\/revisions"}],"predecessor-version":[{"id":22996,"href":"https:\/\/dgospel.com.br\/portal\/index.php\/wp-json\/wp\/v2\/posts\/22994\/revisions\/22996"}],"wp:featuredmedia":[{"embeddable":true,"href":"https:\/\/dgospel.com.br\/portal\/index.php\/wp-json\/wp\/v2\/media\/22995"}],"wp:attachment":[{"href":"https:\/\/dgospel.com.br\/portal\/index.php\/wp-json\/wp\/v2\/media?parent=22994"}],"wp:term":[{"taxonomy":"category","embeddable":true,"href":"https:\/\/dgospel.com.br\/portal\/index.php\/wp-json\/wp\/v2\/categories?post=22994"},{"taxonomy":"post_tag","embeddable":true,"href":"https:\/\/dgospel.com.br\/portal\/index.php\/wp-json\/wp\/v2\/tags?post=22994"}],"curies":[{"name":"wp","href":"https:\/\/api.w.org\/{rel}","templated":true}]}}