{"id":23,"date":"2018-05-09T14:09:57","date_gmt":"2018-05-09T17:09:57","guid":{"rendered":"http:\/\/dgospel.com.br\/portal\/?p=23"},"modified":"2018-05-09T14:09:57","modified_gmt":"2018-05-09T17:09:57","slug":"carlesse-afirma-a-pms-que-trabalha-para-destravar-concurso-seguranca-publica-e-prioridade","status":"publish","type":"post","link":"https:\/\/dgospel.com.br\/portal\/index.php\/2018\/05\/09\/carlesse-afirma-a-pms-que-trabalha-para-destravar-concurso-seguranca-publica-e-prioridade\/","title":{"rendered":"Carlesse afirma a PMs que trabalha para destravar concurso: \u201cSeguran\u00e7a P\u00fablica \u00e9 prioridade\u201d"},"content":{"rendered":"<p class=\"yiv6772165575MsoNormal\">O candidato a governador nas elei\u00e7\u00f5es suplementares de 3 de junho, Mauro Carlesse, da coliga\u00e7\u00e3o\u00a0<i>Governo de Atitude<\/i>, prossegue sua agenda de visitas aos \u00f3rg\u00e3os p\u00fablicos, em Palmas. Nesta ter\u00e7a-feira, 8, Carlesse visitou o quartel do Comando Geral da Pol\u00edcia Militar e o Corpo de Bombeiros.<\/p>\n<p class=\"yiv6772165575MsoNormal\">Carlesse ouviu dos militares as dificuldades da corpora\u00e7\u00e3o e reconheceu que o Tocantins precisa aumentar o n\u00famero de policiais nas ruas. Por isso determinou que os militares que estivessem em servi\u00e7os administrativos, fossem redistribu\u00eddos para o patrulhamento ostensivo.<\/p>\n<p class=\"yiv6772165575MsoNormal\">Mauro Carlesse refor\u00e7ou seu apoio \u00e0 corpora\u00e7\u00e3o e disse que trabalha intensamente para conseguir rever a decis\u00e3o judicial que proibiu o prosseguimento do concurso p\u00fablico da Pol\u00edcia Militar, com oferta de cerca de mil vagas.<\/p>\n<p class=\"yiv6772165575MsoNormal\">\u201cA continuidade do concurso da Pol\u00edcia Militar \u00e9 uma das minhas prioridades. Estamos lutando para que a Justi\u00e7a entenda que o povo do Tocantins \u00e9 quem est\u00e1 sofrendo com a falta de policiais nas ruas. Essa \u00e9 uma necessidade urgente do nosso Estado, e quanto mais esse concurso demorar, mais o nosso povo ter\u00e1 dificuldades\u201d, finalizou.<\/p>\n","protected":false},"excerpt":{"rendered":"<p>O candidato a governador nas elei\u00e7\u00f5es suplementares de 3 de junho, Mauro Carlesse, da coliga\u00e7\u00e3o\u00a0Governo de Atitude, prossegue sua agenda de visitas aos \u00f3rg\u00e3os p\u00fablicos, em Palmas. Nesta ter\u00e7a-feira, 8, Carlesse visitou o quartel do Comando Geral da Pol\u00edcia Militar e o Corpo de Bombeiros. Carlesse ouviu dos militares as dificuldades da corpora\u00e7\u00e3o e reconheceu [&hellip;]<\/p>\n","protected":false},"author":2,"featured_media":24,"comment_status":"open","ping_status":"open","sticky":false,"template":"","format":"standard","meta":[],"categories":[2,4],"tags":[],"_links":{"self":[{"href":"https:\/\/dgospel.com.br\/portal\/index.php\/wp-json\/wp\/v2\/posts\/23"}],"collection":[{"href":"https:\/\/dgospel.com.br\/portal\/index.php\/wp-json\/wp\/v2\/posts"}],"about":[{"href":"https:\/\/dgospel.com.br\/portal\/index.php\/wp-json\/wp\/v2\/types\/post"}],"author":[{"embeddable":true,"href":"https:\/\/dgospel.com.br\/portal\/index.php\/wp-json\/wp\/v2\/users\/2"}],"replies":[{"embeddable":true,"href":"https:\/\/dgospel.com.br\/portal\/index.php\/wp-json\/wp\/v2\/comments?post=23"}],"version-history":[{"count":1,"href":"https:\/\/dgospel.com.br\/portal\/index.php\/wp-json\/wp\/v2\/posts\/23\/revisions"}],"predecessor-version":[{"id":25,"href":"https:\/\/dgospel.com.br\/portal\/index.php\/wp-json\/wp\/v2\/posts\/23\/revisions\/25"}],"wp:featuredmedia":[{"embeddable":true,"href":"https:\/\/dgospel.com.br\/portal\/index.php\/wp-json\/wp\/v2\/media\/24"}],"wp:attachment":[{"href":"https:\/\/dgospel.com.br\/portal\/index.php\/wp-json\/wp\/v2\/media?parent=23"}],"wp:term":[{"taxonomy":"category","embeddable":true,"href":"https:\/\/dgospel.com.br\/portal\/index.php\/wp-json\/wp\/v2\/categories?post=23"},{"taxonomy":"post_tag","embeddable":true,"href":"https:\/\/dgospel.com.br\/portal\/index.php\/wp-json\/wp\/v2\/tags?post=23"}],"curies":[{"name":"wp","href":"https:\/\/api.w.org\/{rel}","templated":true}]}}