{"id":2302,"date":"2019-01-15T12:31:39","date_gmt":"2019-01-15T14:31:39","guid":{"rendered":"http:\/\/dgospel.com.br\/portal\/?p=2302"},"modified":"2019-01-15T12:31:39","modified_gmt":"2019-01-15T14:31:39","slug":"prefeitura-de-palmas-recebe-doacao-de-r-100-mil-do-banco-da-amazonia-para-fomentar-as-acoes-do-fundo-para-a-infancia-e-adolescencia","status":"publish","type":"post","link":"https:\/\/dgospel.com.br\/portal\/index.php\/2019\/01\/15\/prefeitura-de-palmas-recebe-doacao-de-r-100-mil-do-banco-da-amazonia-para-fomentar-as-acoes-do-fundo-para-a-infancia-e-adolescencia\/","title":{"rendered":"Prefeitura de Palmas recebe doa\u00e7\u00e3o de R$ 100 mil do Banco da Amaz\u00f4nia para fomentar as a\u00e7\u00f5es do Fundo para a Inf\u00e2ncia e Adolesc\u00eancia"},"content":{"rendered":"<p class=\"yiv8372644197MsoNormal\">A Prefeitura de Palmas, por meio da Secretaria de Desenvolvimento Social (SEDES) e Conselho Municipal da Crian\u00e7a e do Adolescente (CMDCA) recebeu na tarde desta segunda-feira, 14, uma doa\u00e7\u00e3o de R$ 100 mil do Banco da Amaz\u00f4nia. O valor ser\u00e1 destinado ao Fundo para a Inf\u00e2ncia e a Adolesc\u00eancia de Palmas (FIA).<\/p>\n<p class=\"yiv8372644197MsoNormal\">De acordo com a Secret\u00e1ria da Assist\u00eancia Social de Palmas, Valqu\u00edria Rezende, essa primeira doa\u00e7\u00e3o em 2019, abre caminho para outras e d\u00e1 origem a uma campanha de orienta\u00e7\u00e3o e esclarecimento \u00e0 popula\u00e7\u00e3o para este tipo de doa\u00e7\u00f5es. \u201cTemos uma meta de arrecada\u00e7\u00e3o ousada e pretendemos alcan\u00e7ar um milh\u00e3o e meio de recursos para trabalhar as pol\u00edticas voltadas para a crian\u00e7a e o adolescente\u201d, afirmou.<\/p>\n<p class=\"yiv8372644197MsoNormal\">Valqu\u00edria Rezende lembrou que todo o dinheiro que entra para o Fundo \u00e9 destinado a alimentar os editais voltados \u00e0 realiza\u00e7\u00e3o de trabalhos com crian\u00e7as e adolescentes, para isso as institui\u00e7\u00f5es precisam estar de acordo com as normas legais de funcionamento e atua\u00e7\u00e3o. \u201cNo meu entendimento \u00e9 uma das formas mais democr\u00e1ticas, onde todas as entidades que trabalham com crian\u00e7as e adolescentes poder\u00e3o ter acesso. Al\u00e9m disso, todas as pessoas que fizerem doa\u00e7\u00f5es poder\u00e3o acompanhar o desenvolvimento das entidades que foram acolhidas e reconhecidas com o seu recurso para o desenvolvimento dos seus respectivos projetos.<\/p>\n<p class=\"yiv8372644197MsoNormal\">O presidente do Conselho Municipal da Crian\u00e7a e do Adolescente,\u00a0Amilson Rodrigues Silva,\u00a0lembrou que esse tipo de doa\u00e7\u00e3o tamb\u00e9m pode ser feita por pessoas f\u00edsicas e todos os doadores poder\u00e3o, posteriormente, constar essas doa\u00e7\u00f5es nas suas declara\u00e7\u00f5es de Imposto de Renda, por exemplo. \u201cNa verdade, a pessoa f\u00edsica faz mais que simplesmente doar, ela faz uma esp\u00e9cie de investimento, onde o rendimento \u00e9 maior que o da poupan\u00e7a, j\u00e1 que a receita federal faz todo o ressarcimento das doa\u00e7\u00f5es feitas, com valores devidamente corrigidos.<\/p>\n<p class=\"yiv8372644197MsoNormal\">O superintendente do Banco da Amaz\u00f4nia, Marivaldo Gon\u00e7alves, disse que a institui\u00e7\u00e3o vem buscando contribuir mais com quest\u00f5es sociais, especialmente em munic\u00edpios onde atuam. \u201cFizemos nossa primeira doa\u00e7\u00e3o ainda em 2017 para o Hospital de Amor e este ano resolvemos expandir o alcance desse gesto, doando a mais institui\u00e7\u00f5es. Queremos, a partir do pr\u00f3ximo ano, ampliar esses valores, alcan\u00e7ando um n\u00famero maior de beneficiados e esperamos que outras empresas possam se inspirar e seguir o nosso exemplo\u201d, declarou.<\/p>\n<p class=\"yiv8372644197MsoNormal\">Nenhum recurso do Fundo poder\u00e1 ter destina\u00e7\u00e3o e aplica\u00e7\u00e3o sem a delibera\u00e7\u00e3o pol\u00edtica e t\u00e9cnica do Conselho Municipal da Crian\u00e7a e do Adolescente que \u00e9 respons\u00e1vel, juntamente com a Secretaria de Desenvolvimento Social, pela funcionalidade do plano de aplica\u00e7\u00e3o.<\/p>\n<p class=\"yiv8372644197MsoNormal\">Participaram da solenidade de doa\u00e7\u00e3o, a secret\u00e1ria municipal de Desenvolvimento Social, Valqu\u00edria Rezende, que representou a prefeita Cinthia Ribeiro, o presidente do Conselho Municipal da Crian\u00e7a e do Adolescente, Amilson Rodrigues da Silva e o Superintendente do Banco da Amaz\u00f4nia, Marivaldo Gon\u00e7alves.<\/p>\n<p class=\"yiv8372644197MsoNormal\">\n","protected":false},"excerpt":{"rendered":"<p>A Prefeitura de Palmas, por meio da Secretaria de Desenvolvimento Social (SEDES) e Conselho Municipal da Crian\u00e7a e do Adolescente (CMDCA) recebeu na tarde desta segunda-feira, 14, uma doa\u00e7\u00e3o de R$ 100 mil do Banco da Amaz\u00f4nia. O valor ser\u00e1 destinado ao Fundo para a Inf\u00e2ncia e a Adolesc\u00eancia de Palmas (FIA). De acordo com [&hellip;]<\/p>\n","protected":false},"author":2,"featured_media":2303,"comment_status":"open","ping_status":"open","sticky":false,"template":"","format":"standard","meta":[],"categories":[2,3],"tags":[],"_links":{"self":[{"href":"https:\/\/dgospel.com.br\/portal\/index.php\/wp-json\/wp\/v2\/posts\/2302"}],"collection":[{"href":"https:\/\/dgospel.com.br\/portal\/index.php\/wp-json\/wp\/v2\/posts"}],"about":[{"href":"https:\/\/dgospel.com.br\/portal\/index.php\/wp-json\/wp\/v2\/types\/post"}],"author":[{"embeddable":true,"href":"https:\/\/dgospel.com.br\/portal\/index.php\/wp-json\/wp\/v2\/users\/2"}],"replies":[{"embeddable":true,"href":"https:\/\/dgospel.com.br\/portal\/index.php\/wp-json\/wp\/v2\/comments?post=2302"}],"version-history":[{"count":1,"href":"https:\/\/dgospel.com.br\/portal\/index.php\/wp-json\/wp\/v2\/posts\/2302\/revisions"}],"predecessor-version":[{"id":2304,"href":"https:\/\/dgospel.com.br\/portal\/index.php\/wp-json\/wp\/v2\/posts\/2302\/revisions\/2304"}],"wp:featuredmedia":[{"embeddable":true,"href":"https:\/\/dgospel.com.br\/portal\/index.php\/wp-json\/wp\/v2\/media\/2303"}],"wp:attachment":[{"href":"https:\/\/dgospel.com.br\/portal\/index.php\/wp-json\/wp\/v2\/media?parent=2302"}],"wp:term":[{"taxonomy":"category","embeddable":true,"href":"https:\/\/dgospel.com.br\/portal\/index.php\/wp-json\/wp\/v2\/categories?post=2302"},{"taxonomy":"post_tag","embeddable":true,"href":"https:\/\/dgospel.com.br\/portal\/index.php\/wp-json\/wp\/v2\/tags?post=2302"}],"curies":[{"name":"wp","href":"https:\/\/api.w.org\/{rel}","templated":true}]}}