{"id":23043,"date":"2026-03-31T09:15:19","date_gmt":"2026-03-31T12:15:19","guid":{"rendered":"https:\/\/dgospel.com.br\/portal\/?p=23043"},"modified":"2026-03-31T09:15:19","modified_gmt":"2026-03-31T12:15:19","slug":"gastos-do-governo-lula-no-facebook-sobem-16-e-chegam-a-r-43-milhoes-em-um-mes","status":"publish","type":"post","link":"https:\/\/dgospel.com.br\/portal\/index.php\/2026\/03\/31\/gastos-do-governo-lula-no-facebook-sobem-16-e-chegam-a-r-43-milhoes-em-um-mes\/","title":{"rendered":"Gastos do Governo Lula no Facebook sobem 16% e chegam a R$ 4,3 milh\u00f5es em um m\u00eas"},"content":{"rendered":"\n<p>O governo de&nbsp;Luiz In\u00e1cio Lula da Silva&nbsp;intensificou sua presen\u00e7a nas redes sociais e investiu R$ 4,3 milh\u00f5es em an\u00fancios no Facebook entre 20 de fevereiro e 20 de mar\u00e7o. O valor representa um aumento de 16% em rela\u00e7\u00e3o ao m\u00eas anterior e consolida uma estrat\u00e9gia de comunica\u00e7\u00e3o digital em larga escala.<\/p>\n\n\n\n<p>No acumulado do \u00faltimo trimestre, os gastos j\u00e1 se aproximam de R$ 10 milh\u00f5es, colocando a conta oficial do governo como a maior anunciante da plataforma no pa\u00eds desde o in\u00edcio de 2026.<\/p>\n\n\n\n<p>A disparidade em rela\u00e7\u00e3o \u00e0 oposi\u00e7\u00e3o \u00e9 significativa. No mesmo per\u00edodo, o PL investiu R$ 143,5 mil \u2014 uma diferen\u00e7a que evidencia o peso da m\u00e1quina p\u00fablica na disputa por alcance e engajamento digital.<\/p>\n\n\n\n<p>Atualmente, 13 campanhas seguem ativas. Em alguns casos, o volume de recursos chama aten\u00e7\u00e3o: apenas dois an\u00fancios voltados \u00e0 Zona da Mata mineira consumiram R$ 150 mil em menos de duas semanas.<\/p>\n\n\n\n<p>O avan\u00e7o dos investimentos reacende o debate sobre o uso de recursos p\u00fablicos para impulsionamento de conte\u00fado institucional em redes sociais, especialmente diante do impacto direto que esse volume de verba tem na capacidade de alcance, influ\u00eancia e forma\u00e7\u00e3o de narrativa no ambiente digital.<\/p>\n","protected":false},"excerpt":{"rendered":"<p>O governo de&nbsp;Luiz In\u00e1cio Lula da Silva&nbsp;intensificou sua presen\u00e7a nas redes sociais e investiu R$ 4,3 milh\u00f5es em an\u00fancios no Facebook entre 20 de fevereiro e 20 de mar\u00e7o. O valor representa um aumento de 16% em rela\u00e7\u00e3o ao m\u00eas anterior e consolida uma estrat\u00e9gia de comunica\u00e7\u00e3o digital em larga escala. No acumulado do \u00faltimo [&hellip;]<\/p>\n","protected":false},"author":2,"featured_media":23044,"comment_status":"open","ping_status":"open","sticky":false,"template":"","format":"standard","meta":[],"categories":[12,10],"tags":[],"_links":{"self":[{"href":"https:\/\/dgospel.com.br\/portal\/index.php\/wp-json\/wp\/v2\/posts\/23043"}],"collection":[{"href":"https:\/\/dgospel.com.br\/portal\/index.php\/wp-json\/wp\/v2\/posts"}],"about":[{"href":"https:\/\/dgospel.com.br\/portal\/index.php\/wp-json\/wp\/v2\/types\/post"}],"author":[{"embeddable":true,"href":"https:\/\/dgospel.com.br\/portal\/index.php\/wp-json\/wp\/v2\/users\/2"}],"replies":[{"embeddable":true,"href":"https:\/\/dgospel.com.br\/portal\/index.php\/wp-json\/wp\/v2\/comments?post=23043"}],"version-history":[{"count":1,"href":"https:\/\/dgospel.com.br\/portal\/index.php\/wp-json\/wp\/v2\/posts\/23043\/revisions"}],"predecessor-version":[{"id":23045,"href":"https:\/\/dgospel.com.br\/portal\/index.php\/wp-json\/wp\/v2\/posts\/23043\/revisions\/23045"}],"wp:featuredmedia":[{"embeddable":true,"href":"https:\/\/dgospel.com.br\/portal\/index.php\/wp-json\/wp\/v2\/media\/23044"}],"wp:attachment":[{"href":"https:\/\/dgospel.com.br\/portal\/index.php\/wp-json\/wp\/v2\/media?parent=23043"}],"wp:term":[{"taxonomy":"category","embeddable":true,"href":"https:\/\/dgospel.com.br\/portal\/index.php\/wp-json\/wp\/v2\/categories?post=23043"},{"taxonomy":"post_tag","embeddable":true,"href":"https:\/\/dgospel.com.br\/portal\/index.php\/wp-json\/wp\/v2\/tags?post=23043"}],"curies":[{"name":"wp","href":"https:\/\/api.w.org\/{rel}","templated":true}]}}